{"id":7953,"date":"2019-09-21T18:36:55","date_gmt":"2019-09-21T18:36:55","guid":{"rendered":"http:\/\/paroquiagloria.org\/v2\/?p=7953"},"modified":"2019-09-21T18:45:15","modified_gmt":"2019-09-21T18:45:15","slug":"plano-diocesano-de-pastoral-20192020","status":"publish","type":"post","link":"http:\/\/paroquiagloria.org\/v2\/?p=7953","title":{"rendered":"Plano Diocesano de Pastoral 2019\/2020"},"content":{"rendered":"<p><a href=\"http:\/\/paroquiagloria.org\/v2\/wp-content\/uploads\/2018\/09\/banner-_trienio.jpg\"><img loading=\"lazy\" class=\"size-full wp-image-6905 aligncenter\" src=\"http:\/\/paroquiagloria.org\/v2\/wp-content\/uploads\/2018\/09\/banner-_trienio.jpg\" alt=\"banner-_trienio\" width=\"960\" height=\"340\" srcset=\"http:\/\/paroquiagloria.org\/v2\/wp-content\/uploads\/2018\/09\/banner-_trienio.jpg 960w, http:\/\/paroquiagloria.org\/v2\/wp-content\/uploads\/2018\/09\/banner-_trienio-300x106.jpg 300w\" sizes=\"(max-width: 960px) 100vw, 960px\" \/><\/a><\/p>\n<p>&nbsp;<\/p>\n<p>No pr\u00f3ximo s\u00e1bado, dia 28, pelas 10h \u00e9 apresentado, no Semin\u00e1rio de Santa Joana o Plano Diocesano de Pastoral.<br \/>\nEste ano \u00e9 dedicado \u00e0 fam\u00edlia. Recordamos o <span style=\"text-decoration: underline;\"><strong>lema<\/strong> <\/span>e os <span style=\"text-decoration: underline;\"><strong>objectivos<\/strong><\/span>.<\/p>\n<h4>A voca\u00e7\u00e3o da fam\u00edlia: com o olhar fixo em Jesus.<\/h4>\n<p><em>\u201cO matrim\u00f3nio \u00e9 uma voca\u00e7\u00e3o, sendo uma resposta \u00e0 chamada espec\u00edfica para viver o amor conjugal como sinal imperfeito do amor entre Cristo e a Igreja. Por isso, a decis\u00e3o de se casar e formar uma fam\u00edlia deve ser fruto dum discernimento vocacional.\u201d AL 72<\/em><br \/>\n<em>\u201cA beleza do dom rec\u00edproco e gratuito, a alegria pela vida que nasce e a amorosa solicitude de todos os seus membros, desde os pequeninos aos idosos, s\u00e3o apenas alguns dos frutos que tornam \u00fanica e insubstitu\u00edvel a resposta \u00e0 voca\u00e7\u00e3o da fam\u00edlia\u00bb, tanto para a Igreja como para a sociedade inteira.\u201d AL 88<\/em><\/p>\n<p style=\"padding-left: 60px;\">&#8211; Dar aten\u00e7\u00e3o \u00e0 fam\u00edlia como Igreja dom\u00e9stica, para que possa cumprir a sua miss\u00e3o de ser a primeira escola onde, com amor se acolha a vida, se celebre a f\u00e9 e se promova o desenvolvimento social.<br \/>\n&#8211; Promover itiner\u00e1rios de forma\u00e7\u00e3o e educa\u00e7\u00e3o para o amor humano integral.<br \/>\n&#8211; Divulgar e incentivar a catequese familiar atrav\u00e9s de itiner\u00e1rios de inicia\u00e7\u00e3o crist\u00e3 que permitam \u00e0s fam\u00edlias celebrar a f\u00e9 no lar e na comunidade paroquial.<br \/>\n&#8211; Impulsionar a viv\u00eancia do domingo, dia do Senhor, como tempo de ora\u00e7\u00e3o, de descanso e de conv\u00edvio familiar.<\/p>\n<p style=\"padding-left: 60px;\">\n<p style=\"padding-left: 60px;\">Mais informa\u00e7\u00f5es <a href=\"http:\/\/www.diocese-aveiro.pt\/v2\/?p=17150\" target=\"_blank\">AQUI<\/a><\/p>\n","protected":false},"excerpt":{"rendered":"<p>&nbsp; No pr\u00f3ximo s\u00e1bado, dia 28, pelas 10h \u00e9 apresentado, no Semin\u00e1rio de Santa Joana o Plano Diocesano de Pastoral. Este ano \u00e9 dedicado \u00e0 fam\u00edlia. Recordamos o lema e os objectivos. A voca\u00e7\u00e3o da fam\u00edlia: com o olhar fixo em Jesus. \u201cO matrim\u00f3nio \u00e9 uma voca\u00e7\u00e3o, sendo uma resposta \u00e0 chamada espec\u00edfica para viver [&hellip;]<\/p>\n","protected":false},"author":1,"featured_media":7152,"comment_status":"open","ping_status":"closed","sticky":false,"template":"","format":"standard","meta":{"ngg_post_thumbnail":0},"categories":[1,4,2,6,22],"tags":[],"_links":{"self":[{"href":"http:\/\/paroquiagloria.org\/v2\/index.php?rest_route=\/wp\/v2\/posts\/7953"}],"collection":[{"href":"http:\/\/paroquiagloria.org\/v2\/index.php?rest_route=\/wp\/v2\/posts"}],"about":[{"href":"http:\/\/paroquiagloria.org\/v2\/index.php?rest_route=\/wp\/v2\/types\/post"}],"author":[{"embeddable":true,"href":"http:\/\/paroquiagloria.org\/v2\/index.php?rest_route=\/wp\/v2\/users\/1"}],"replies":[{"embeddable":true,"href":"http:\/\/paroquiagloria.org\/v2\/index.php?rest_route=%2Fwp%2Fv2%2Fcomments&post=7953"}],"version-history":[{"count":2,"href":"http:\/\/paroquiagloria.org\/v2\/index.php?rest_route=\/wp\/v2\/posts\/7953\/revisions"}],"predecessor-version":[{"id":7961,"href":"http:\/\/paroquiagloria.org\/v2\/index.php?rest_route=\/wp\/v2\/posts\/7953\/revisions\/7961"}],"wp:featuredmedia":[{"embeddable":true,"href":"http:\/\/paroquiagloria.org\/v2\/index.php?rest_route=\/wp\/v2\/media\/7152"}],"wp:attachment":[{"href":"http:\/\/paroquiagloria.org\/v2\/index.php?rest_route=%2Fwp%2Fv2%2Fmedia&parent=7953"}],"wp:term":[{"taxonomy":"category","embeddable":true,"href":"http:\/\/paroquiagloria.org\/v2\/index.php?rest_route=%2Fwp%2Fv2%2Fcategories&post=7953"},{"taxonomy":"post_tag","embeddable":true,"href":"http:\/\/paroquiagloria.org\/v2\/index.php?rest_route=%2Fwp%2Fv2%2Ftags&post=7953"}],"curies":[{"name":"wp","href":"https:\/\/api.w.org\/{rel}","templated":true}]}}