{"id":7941,"date":"2019-09-15T11:37:05","date_gmt":"2019-09-15T11:37:05","guid":{"rendered":"http:\/\/paroquiagloria.org\/v2\/?p=7941"},"modified":"2019-09-15T11:37:05","modified_gmt":"2019-09-15T11:37:05","slug":"horario-de-inverno","status":"publish","type":"post","link":"http:\/\/paroquiagloria.org\/v2\/?p=7941","title":{"rendered":"Hor\u00e1rio de Inverno"},"content":{"rendered":"<h4><a href=\"http:\/\/paroquiagloria.org\/v2\/wp-content\/uploads\/2015\/09\/horarios_banner.jpg\"><img loading=\"lazy\" class=\"size-full wp-image-3648 aligncenter\" src=\"http:\/\/paroquiagloria.org\/v2\/wp-content\/uploads\/2015\/09\/horarios_banner.jpg\" alt=\"horarios_banner\" width=\"960\" height=\"450\" srcset=\"http:\/\/paroquiagloria.org\/v2\/wp-content\/uploads\/2015\/09\/horarios_banner.jpg 960w, http:\/\/paroquiagloria.org\/v2\/wp-content\/uploads\/2015\/09\/horarios_banner-300x141.jpg 300w\" sizes=\"(max-width: 960px) 100vw, 960px\" \/><\/a><\/h4>\n<h4><\/h4>\n<h4><strong>&#8211; a partir de 15 de Setembro<\/strong><\/h4>\n<p>&nbsp;<\/p>\n<h3>Eucaristias:<\/h3>\n<p style=\"padding-left: 30px;\"><span style=\"text-decoration: underline;\">Domingo<\/span>:<\/p>\n<p style=\"padding-left: 60px;\">8h30, 10h30, 12h e 19h, na S\u00e9;<br \/>\n10h, em Vilar.<\/p>\n<p style=\"padding-left: 30px;\"><span style=\"text-decoration: underline;\">Segunda a Sexta<\/span>: 8h30 e 19h, na S\u00e9;<\/p>\n<p style=\"padding-left: 30px;\"><span style=\"text-decoration: underline;\">Quarta<\/span>: 18h00, em Santiago;<\/p>\n<p style=\"padding-left: 30px;\"><span style=\"text-decoration: underline;\">Sexta<\/span>: 17h00, em Vilar;<\/p>\n<p style=\"padding-left: 30px;\"><span style=\"text-decoration: underline;\">S\u00e1bado<\/span>:<\/p>\n<p style=\"padding-left: 60px;\">8h30 e 19h, na S\u00e9;<br \/>\n19h, em Santiago.<\/p>\n<p>&nbsp;<\/p>\n<h3>Exposi\u00e7\u00e3o do Sant\u00edssimo:<\/h3>\n<p style=\"padding-left: 30px;\"><span style=\"text-decoration: underline;\">S\u00e1bado<\/span>, 17h.<\/p>\n<p>&nbsp;<\/p>\n<h3>Secretaria Paroquial:<\/h3>\n<p style=\"padding-left: 30px;\">De <span style=\"text-decoration: underline;\">segunda a sexta-feira<\/span>, das 10h30 \u00e0s 12h e das 14h30 \u00e0s 19h.<br \/>\n<span style=\"text-decoration: underline;\">S\u00e1bado<\/span>, das 9h30 \u00e0s 12h.<\/p>\n<p style=\"padding-left: 30px;\">\n<h3>Cart\u00f3rio:<\/h3>\n<p style=\"padding-left: 30px;\">De <span style=\"text-decoration: underline;\">ter\u00e7a a sexta-feira<\/span>, das 16h \u00e0s 19h.<\/p>\n<p>&nbsp;<\/p>\n<h3>Confiss\u00f5es:<\/h3>\n<p style=\"padding-left: 30px;\"><em>(Em actualiza\u00e7\u00e3o)<\/em><\/p>\n","protected":false},"excerpt":{"rendered":"<p>&#8211; a partir de 15 de Setembro &nbsp; Eucaristias: Domingo: 8h30, 10h30, 12h e 19h, na S\u00e9; 10h, em Vilar. Segunda a Sexta: 8h30 e 19h, na S\u00e9; Quarta: 18h00, em Santiago; Sexta: 17h00, em Vilar; S\u00e1bado: 8h30 e 19h, na S\u00e9; 19h, em Santiago. &nbsp; Exposi\u00e7\u00e3o do Sant\u00edssimo: S\u00e1bado, 17h. &nbsp; Secretaria Paroquial: De [&hellip;]<\/p>\n","protected":false},"author":1,"featured_media":3648,"comment_status":"open","ping_status":"closed","sticky":false,"template":"","format":"standard","meta":{"ngg_post_thumbnail":0},"categories":[1,4,2,6,22],"tags":[],"_links":{"self":[{"href":"http:\/\/paroquiagloria.org\/v2\/index.php?rest_route=\/wp\/v2\/posts\/7941"}],"collection":[{"href":"http:\/\/paroquiagloria.org\/v2\/index.php?rest_route=\/wp\/v2\/posts"}],"about":[{"href":"http:\/\/paroquiagloria.org\/v2\/index.php?rest_route=\/wp\/v2\/types\/post"}],"author":[{"embeddable":true,"href":"http:\/\/paroquiagloria.org\/v2\/index.php?rest_route=\/wp\/v2\/users\/1"}],"replies":[{"embeddable":true,"href":"http:\/\/paroquiagloria.org\/v2\/index.php?rest_route=%2Fwp%2Fv2%2Fcomments&post=7941"}],"version-history":[{"count":1,"href":"http:\/\/paroquiagloria.org\/v2\/index.php?rest_route=\/wp\/v2\/posts\/7941\/revisions"}],"predecessor-version":[{"id":7942,"href":"http:\/\/paroquiagloria.org\/v2\/index.php?rest_route=\/wp\/v2\/posts\/7941\/revisions\/7942"}],"wp:featuredmedia":[{"embeddable":true,"href":"http:\/\/paroquiagloria.org\/v2\/index.php?rest_route=\/wp\/v2\/media\/3648"}],"wp:attachment":[{"href":"http:\/\/paroquiagloria.org\/v2\/index.php?rest_route=%2Fwp%2Fv2%2Fmedia&parent=7941"}],"wp:term":[{"taxonomy":"category","embeddable":true,"href":"http:\/\/paroquiagloria.org\/v2\/index.php?rest_route=%2Fwp%2Fv2%2Fcategories&post=7941"},{"taxonomy":"post_tag","embeddable":true,"href":"http:\/\/paroquiagloria.org\/v2\/index.php?rest_route=%2Fwp%2Fv2%2Ftags&post=7941"}],"curies":[{"name":"wp","href":"https:\/\/api.w.org\/{rel}","templated":true}]}}