{"id":7939,"date":"2019-09-15T11:32:37","date_gmt":"2019-09-15T11:32:37","guid":{"rendered":"http:\/\/paroquiagloria.org\/v2\/?p=7939"},"modified":"2019-10-12T19:21:07","modified_gmt":"2019-10-12T19:21:07","slug":"horarios-da-catequese-paroquial-201920","status":"publish","type":"post","link":"http:\/\/paroquiagloria.org\/v2\/?p=7939","title":{"rendered":"Hor\u00e1rios da Catequese Paroquial 2019\/20"},"content":{"rendered":"<p><a href=\"http:\/\/paroquiagloria.org\/v2\/wp-content\/uploads\/2016\/05\/banner_catequese.jpg\"><img loading=\"lazy\" class=\"size-full wp-image-4421 aligncenter\" src=\"http:\/\/paroquiagloria.org\/v2\/wp-content\/uploads\/2016\/05\/banner_catequese.jpg\" alt=\"banner_catequese\" width=\"960\" height=\"450\" srcset=\"http:\/\/paroquiagloria.org\/v2\/wp-content\/uploads\/2016\/05\/banner_catequese.jpg 960w, http:\/\/paroquiagloria.org\/v2\/wp-content\/uploads\/2016\/05\/banner_catequese-300x141.jpg 300w\" sizes=\"(max-width: 960px) 100vw, 960px\" \/><\/a><\/p>\n<h3>Inf\u00e2ncia<\/h3>\n<p style=\"padding-left: 30px;\"><strong>1\u00ba ano &#8211;<\/strong> 5\u00aa feira &#8211; 16h<br \/>\n<strong>2\u00ba ano &#8211;<\/strong> 2\u00aa feira &#8211; 16h<br \/>\n<strong>3\u00ba ano &#8211;<\/strong> 5\u00aa feira &#8211; 16h<br \/>\n<strong>4\u00ba ano &#8211;<\/strong> 3\u00aa feira &#8211; 16h<br \/>\n&#8211; 4\u00aa feira &#8211; 16h<br \/>\n<strong>\u00a0 \u00a0 \u00a0 \u00a0 \u00a0 \u00a0 \u00a0 \u00a0<\/strong>&#8211; s\u00e1bado &#8211; 11h<br \/>\n<span style=\"text-decoration: underline;\"><strong>SANTIAGO:<\/strong><\/span><br \/>\n<strong>1\u00ba ano &#8211;<\/strong> 2\u00aa feira &#8211; 18h30<br \/>\n<strong>2\u00ba ano &#8211;<\/strong> 3\u00aa feira &#8211; 18h30<br \/>\n<strong>3\u00ba ano &#8211;<\/strong> 5\u00aa feira &#8211; 18h30<br \/>\nAs catequeses da Inf\u00e2ncia ter\u00e3o in\u00edcio a <span style=\"text-decoration: underline;\">7 de Outubro<\/span>.<\/p>\n<p>&nbsp;<\/p>\n<h3>Adolesc\u00eancia e Juventude<\/h3>\n<p style=\"padding-left: 30px;\"><strong>5\u00ba ano &#8211;<\/strong> 2\u00aa feira &#8211; 18h30<br \/>\n<strong>\u00a0 \u00a0 \u00a0 \u00a0 \u00a0 \u00a0 \u00a0 \u00a0<\/strong>&#8211; 4\u00aa feira &#8211; 18h30<br \/>\n<strong>6\u00ba ano &#8211;<\/strong> 2\u00aa feira &#8211; 18h30<br \/>\n<strong>\u00a0 \u00a0 \u00a0 \u00a0 \u00a0 \u00a0 \u00a0 \u00a0&#8211;<\/strong>\u00a04\u00aa feira &#8211; 18h30<br \/>\n<strong>7\u00ba ano &#8211;<\/strong> 3\u00aa feira &#8211; 18h30<br \/>\n<strong>8\u00ba ano &#8211;<\/strong> 6\u00aa feira &#8211; 18h30<br \/>\n<strong>9\u00ba ano &#8211;<\/strong> 5\u00aa feira &#8211; 18h30<br \/>\n<strong>10\u00ba ano &#8211;<\/strong> 5\u00aa feira &#8211; 18h30<br \/>\n<strong>11\u00ba ano &#8211;<\/strong> 3\u00aa feira &#8211; 18h30<br \/>\n<strong>12\u00ba ano &#8211;<\/strong> 2\u00aa feira &#8211; 18h30<br \/>\nAs catequeses da Adolesc\u00eancia e Juventude ter\u00e3o in\u00edcio a <span style=\"text-decoration: underline;\">14 de Outubro<\/span>.<\/p>\n","protected":false},"excerpt":{"rendered":"<p>Inf\u00e2ncia 1\u00ba ano &#8211; 5\u00aa feira &#8211; 16h 2\u00ba ano &#8211; 2\u00aa feira &#8211; 16h 3\u00ba ano &#8211; 5\u00aa feira &#8211; 16h 4\u00ba ano &#8211; 3\u00aa feira &#8211; 16h &#8211; 4\u00aa feira &#8211; 16h \u00a0 \u00a0 \u00a0 \u00a0 \u00a0 \u00a0 \u00a0 \u00a0&#8211; s\u00e1bado &#8211; 11h SANTIAGO: 1\u00ba ano &#8211; 2\u00aa feira &#8211; 18h30 2\u00ba ano [&hellip;]<\/p>\n","protected":false},"author":1,"featured_media":5827,"comment_status":"open","ping_status":"closed","sticky":false,"template":"","format":"standard","meta":{"ngg_post_thumbnail":0},"categories":[1,4,2,6,22],"tags":[],"_links":{"self":[{"href":"http:\/\/paroquiagloria.org\/v2\/index.php?rest_route=\/wp\/v2\/posts\/7939"}],"collection":[{"href":"http:\/\/paroquiagloria.org\/v2\/index.php?rest_route=\/wp\/v2\/posts"}],"about":[{"href":"http:\/\/paroquiagloria.org\/v2\/index.php?rest_route=\/wp\/v2\/types\/post"}],"author":[{"embeddable":true,"href":"http:\/\/paroquiagloria.org\/v2\/index.php?rest_route=\/wp\/v2\/users\/1"}],"replies":[{"embeddable":true,"href":"http:\/\/paroquiagloria.org\/v2\/index.php?rest_route=%2Fwp%2Fv2%2Fcomments&post=7939"}],"version-history":[{"count":4,"href":"http:\/\/paroquiagloria.org\/v2\/index.php?rest_route=\/wp\/v2\/posts\/7939\/revisions"}],"predecessor-version":[{"id":8029,"href":"http:\/\/paroquiagloria.org\/v2\/index.php?rest_route=\/wp\/v2\/posts\/7939\/revisions\/8029"}],"wp:featuredmedia":[{"embeddable":true,"href":"http:\/\/paroquiagloria.org\/v2\/index.php?rest_route=\/wp\/v2\/media\/5827"}],"wp:attachment":[{"href":"http:\/\/paroquiagloria.org\/v2\/index.php?rest_route=%2Fwp%2Fv2%2Fmedia&parent=7939"}],"wp:term":[{"taxonomy":"category","embeddable":true,"href":"http:\/\/paroquiagloria.org\/v2\/index.php?rest_route=%2Fwp%2Fv2%2Fcategories&post=7939"},{"taxonomy":"post_tag","embeddable":true,"href":"http:\/\/paroquiagloria.org\/v2\/index.php?rest_route=%2Fwp%2Fv2%2Ftags&post=7939"}],"curies":[{"name":"wp","href":"https:\/\/api.w.org\/{rel}","templated":true}]}}