{"id":7932,"date":"2019-09-15T11:29:23","date_gmt":"2019-09-15T11:29:23","guid":{"rendered":"http:\/\/paroquiagloria.org\/v2\/?p=7932"},"modified":"2019-09-15T11:29:23","modified_gmt":"2019-09-15T11:29:23","slug":"vigario-paroquial","status":"publish","type":"post","link":"http:\/\/paroquiagloria.org\/v2\/?p=7932","title":{"rendered":"Vig\u00e1rio Paroquial"},"content":{"rendered":"<p><a href=\"http:\/\/paroquiagloria.org\/v2\/wp-content\/uploads\/2019\/09\/pedrooliveira.jpg\"><img loading=\"lazy\" class=\"size-full wp-image-7936 aligncenter\" src=\"http:\/\/paroquiagloria.org\/v2\/wp-content\/uploads\/2019\/09\/pedrooliveira.jpg\" alt=\"pedrooliveira\" width=\"313\" height=\"367\" srcset=\"http:\/\/paroquiagloria.org\/v2\/wp-content\/uploads\/2019\/09\/pedrooliveira.jpg 313w, http:\/\/paroquiagloria.org\/v2\/wp-content\/uploads\/2019\/09\/pedrooliveira-256x300.jpg 256w\" sizes=\"(max-width: 313px) 100vw, 313px\" \/><\/a><\/p>\n<p>&nbsp;<\/p>\n<p>&#8220;Sendo necess\u00e1rio prover \u00e0 ac\u00e7\u00e3o pastoral na Par\u00f3quia de Nossa Senhora da Gl\u00f3ria, no arciprestado de Aveiro, havemos por bem nomear para o m\u00fanus de vig\u00e1rio paroquial da mencionada par\u00f3quia o <strong>Rev.do<\/strong> <strong>Padre Pedro Rafael Ara\u00fajo Oliveira<\/strong>, acumulando com o de membro do Departamento da Catequese da Inf\u00e2ncia e Adolesc\u00eancia do Secretariado Diocesano da Educa\u00e7\u00e3o Crist\u00e3&#8221;, assim reza o decreto episcopal de 28 de Julho do ano em curso, que nomeia o P. Pedro para o servi\u00e7o da nossa comunidade.<br \/>\nEstamos contentes e acolhemos o<br \/>\nP. Pedro com muita alegria, esperando que se sinta sempre feliz no meio de n\u00f3s. Vindo da Unidade Pastoral de \u00c1gueda, que integra tamb\u00e9m as Par\u00f3quias de Pr\u00e9stimo, Macieira de Alcoba, Castanheira do Vouga e Borralha, tudo faremos para lhe proporcionar uma bela e eficaz experi\u00eancia pastoral na nossa urbe aveirense.<\/p>\n<p>&nbsp;<\/p>\n","protected":false},"excerpt":{"rendered":"<p>&nbsp; &#8220;Sendo necess\u00e1rio prover \u00e0 ac\u00e7\u00e3o pastoral na Par\u00f3quia de Nossa Senhora da Gl\u00f3ria, no arciprestado de Aveiro, havemos por bem nomear para o m\u00fanus de vig\u00e1rio paroquial da mencionada par\u00f3quia o Rev.do Padre Pedro Rafael Ara\u00fajo Oliveira, acumulando com o de membro do Departamento da Catequese da Inf\u00e2ncia e Adolesc\u00eancia do Secretariado Diocesano da [&hellip;]<\/p>\n","protected":false},"author":1,"featured_media":7935,"comment_status":"open","ping_status":"closed","sticky":false,"template":"","format":"standard","meta":{"ngg_post_thumbnail":0},"categories":[1,4,2,6,22],"tags":[],"_links":{"self":[{"href":"http:\/\/paroquiagloria.org\/v2\/index.php?rest_route=\/wp\/v2\/posts\/7932"}],"collection":[{"href":"http:\/\/paroquiagloria.org\/v2\/index.php?rest_route=\/wp\/v2\/posts"}],"about":[{"href":"http:\/\/paroquiagloria.org\/v2\/index.php?rest_route=\/wp\/v2\/types\/post"}],"author":[{"embeddable":true,"href":"http:\/\/paroquiagloria.org\/v2\/index.php?rest_route=\/wp\/v2\/users\/1"}],"replies":[{"embeddable":true,"href":"http:\/\/paroquiagloria.org\/v2\/index.php?rest_route=%2Fwp%2Fv2%2Fcomments&post=7932"}],"version-history":[{"count":1,"href":"http:\/\/paroquiagloria.org\/v2\/index.php?rest_route=\/wp\/v2\/posts\/7932\/revisions"}],"predecessor-version":[{"id":7938,"href":"http:\/\/paroquiagloria.org\/v2\/index.php?rest_route=\/wp\/v2\/posts\/7932\/revisions\/7938"}],"wp:featuredmedia":[{"embeddable":true,"href":"http:\/\/paroquiagloria.org\/v2\/index.php?rest_route=\/wp\/v2\/media\/7935"}],"wp:attachment":[{"href":"http:\/\/paroquiagloria.org\/v2\/index.php?rest_route=%2Fwp%2Fv2%2Fmedia&parent=7932"}],"wp:term":[{"taxonomy":"category","embeddable":true,"href":"http:\/\/paroquiagloria.org\/v2\/index.php?rest_route=%2Fwp%2Fv2%2Fcategories&post=7932"},{"taxonomy":"post_tag","embeddable":true,"href":"http:\/\/paroquiagloria.org\/v2\/index.php?rest_route=%2Fwp%2Fv2%2Ftags&post=7932"}],"curies":[{"name":"wp","href":"https:\/\/api.w.org\/{rel}","templated":true}]}}