{"id":7926,"date":"2019-09-14T19:27:39","date_gmt":"2019-09-14T19:27:39","guid":{"rendered":"http:\/\/paroquiagloria.org\/v2\/?p=7926"},"modified":"2019-09-14T19:27:39","modified_gmt":"2019-09-14T19:27:39","slug":"exposicao-do-baptismo","status":"publish","type":"post","link":"http:\/\/paroquiagloria.org\/v2\/?p=7926","title":{"rendered":"Exposi\u00e7\u00e3o do Baptismo"},"content":{"rendered":"<p><a href=\"http:\/\/paroquiagloria.org\/v2\/wp-content\/uploads\/2019\/07\/batismo-390x260.jpg\"><img loading=\"lazy\" class=\"size-full wp-image-7908 aligncenter\" src=\"http:\/\/paroquiagloria.org\/v2\/wp-content\/uploads\/2019\/07\/batismo-390x260.jpg\" alt=\"batismo-390x260\" width=\"390\" height=\"260\" srcset=\"http:\/\/paroquiagloria.org\/v2\/wp-content\/uploads\/2019\/07\/batismo-390x260.jpg 390w, http:\/\/paroquiagloria.org\/v2\/wp-content\/uploads\/2019\/07\/batismo-390x260-300x200.jpg 300w, http:\/\/paroquiagloria.org\/v2\/wp-content\/uploads\/2019\/07\/batismo-390x260-140x94.jpg 140w\" sizes=\"(max-width: 390px) 100vw, 390px\" \/><\/a><\/p>\n<p>&nbsp;<\/p>\n<p style=\"text-align: justify;\">A exposi\u00e7\u00e3o sobre o Baptismo decorreu no Museu de Santa Joana entre 13 de Julho e 1 de Setembro.<br \/>\nDos muitos que visitaram a exposi\u00e7\u00e3o, 106 registaram a sua presen\u00e7a e deixaram os seus coment\u00e1rios, de que apresentamos tr\u00eas que sintetizam os restantes: <em>&#8220;Grata pelo que vi e que traz \u00e0 mem\u00f3ria o meu baptismo&#8221;. &#8220;Salienta-se a aten\u00e7\u00e3o ao detalhe e o dinamismo criado pelas pe\u00e7as e pelas informa\u00e7\u00f5es escritas&#8221;. &#8220;Positiva iniciativa. \u00c9 preciso trazer ao p\u00fablico o que se vive na Igreja&#8221;<\/em>.<br \/>\nPrevista no calend\u00e1rio das actividades apost\u00f3licas da Par\u00f3quia, esta iniciativa, al\u00e9m de outros, teve o m\u00e9rito de ser realizada &#8220;fora de portas&#8221; e dos claustros da Igreja, potenciando assim, como nenhuma outra, a sua realiza\u00e7\u00e3o.<br \/>\nDe real\u00e7ar tamb\u00e9m a proveni\u00eancia dos visitantes, que, sendo maioritaria-mente portugueses, n\u00e3o deixaram de vir de Espanha, Fran\u00e7a, Brasil, Alemanha, Angola, Canad\u00e1, Egipto, Irlanda, Mal\u00e1sia, Pol\u00f3nia e R\u00fassia. Enfim, uma exposi\u00e7\u00e3o quase universal!<br \/>\nNada disto seria poss\u00edvel sem a disponibilidade de quem cedeu os objectos expostos, da boa vontade das Institui\u00e7\u00f5es patrocinadoras e do engenho de quantos conceberam e organizaram a exposi\u00e7\u00e3o. A todos um muito, muito Obrigado.<\/p>\n","protected":false},"excerpt":{"rendered":"<p>&nbsp; A exposi\u00e7\u00e3o sobre o Baptismo decorreu no Museu de Santa Joana entre 13 de Julho e 1 de Setembro. Dos muitos que visitaram a exposi\u00e7\u00e3o, 106 registaram a sua presen\u00e7a e deixaram os seus coment\u00e1rios, de que apresentamos tr\u00eas que sintetizam os restantes: &#8220;Grata pelo que vi e que traz \u00e0 mem\u00f3ria o meu [&hellip;]<\/p>\n","protected":false},"author":1,"featured_media":7909,"comment_status":"open","ping_status":"closed","sticky":false,"template":"","format":"standard","meta":{"ngg_post_thumbnail":0},"categories":[1,4,2,6],"tags":[],"_links":{"self":[{"href":"http:\/\/paroquiagloria.org\/v2\/index.php?rest_route=\/wp\/v2\/posts\/7926"}],"collection":[{"href":"http:\/\/paroquiagloria.org\/v2\/index.php?rest_route=\/wp\/v2\/posts"}],"about":[{"href":"http:\/\/paroquiagloria.org\/v2\/index.php?rest_route=\/wp\/v2\/types\/post"}],"author":[{"embeddable":true,"href":"http:\/\/paroquiagloria.org\/v2\/index.php?rest_route=\/wp\/v2\/users\/1"}],"replies":[{"embeddable":true,"href":"http:\/\/paroquiagloria.org\/v2\/index.php?rest_route=%2Fwp%2Fv2%2Fcomments&post=7926"}],"version-history":[{"count":1,"href":"http:\/\/paroquiagloria.org\/v2\/index.php?rest_route=\/wp\/v2\/posts\/7926\/revisions"}],"predecessor-version":[{"id":7927,"href":"http:\/\/paroquiagloria.org\/v2\/index.php?rest_route=\/wp\/v2\/posts\/7926\/revisions\/7927"}],"wp:featuredmedia":[{"embeddable":true,"href":"http:\/\/paroquiagloria.org\/v2\/index.php?rest_route=\/wp\/v2\/media\/7909"}],"wp:attachment":[{"href":"http:\/\/paroquiagloria.org\/v2\/index.php?rest_route=%2Fwp%2Fv2%2Fmedia&parent=7926"}],"wp:term":[{"taxonomy":"category","embeddable":true,"href":"http:\/\/paroquiagloria.org\/v2\/index.php?rest_route=%2Fwp%2Fv2%2Fcategories&post=7926"},{"taxonomy":"post_tag","embeddable":true,"href":"http:\/\/paroquiagloria.org\/v2\/index.php?rest_route=%2Fwp%2Fv2%2Ftags&post=7926"}],"curies":[{"name":"wp","href":"https:\/\/api.w.org\/{rel}","templated":true}]}}