{"id":7903,"date":"2019-07-13T18:39:32","date_gmt":"2019-07-13T18:39:32","guid":{"rendered":"http:\/\/paroquiagloria.org\/v2\/?p=7903"},"modified":"2019-07-13T18:39:32","modified_gmt":"2019-07-13T18:39:32","slug":"ordenacoes-presbiterais-2","status":"publish","type":"post","link":"http:\/\/paroquiagloria.org\/v2\/?p=7903","title":{"rendered":"Ordena\u00e7\u00f5es Presbiterais"},"content":{"rendered":"<h2>DEUS \u00c9 O PRIMEIRO INTERESSADO NA FELICIDADE DE CADA UM DE N\u00d3S.<\/h2>\n<h3 style=\"text-align: right;\">(Jorge Gon\u00e7alves)<\/h3>\n<p>&nbsp;<\/p>\n<p><a href=\"http:\/\/paroquiagloria.org\/v2\/wp-content\/uploads\/2019\/07\/capa-evento_-proposta-2.jpg\"><img loading=\"lazy\" class=\"size-large wp-image-7884 aligncenter\" src=\"http:\/\/paroquiagloria.org\/v2\/wp-content\/uploads\/2019\/07\/capa-evento_-proposta-2-1024x541.jpg\" alt=\"capa-evento_-proposta-2\" width=\"1024\" height=\"541\" srcset=\"http:\/\/paroquiagloria.org\/v2\/wp-content\/uploads\/2019\/07\/capa-evento_-proposta-2-1024x541.jpg 1024w, http:\/\/paroquiagloria.org\/v2\/wp-content\/uploads\/2019\/07\/capa-evento_-proposta-2-300x158.jpg 300w\" sizes=\"(max-width: 1024px) 100vw, 1024px\" \/><\/a><\/p>\n<p>&nbsp;<\/p>\n<p>Neste domingo, 14 de julho, o Jorge Manuel Santos Gon\u00e7alves, natural da Par\u00f3quia de Recard\u00e3es e em servi\u00e7o na nossa Par\u00f3quia, ser\u00e1 ordenado presb\u00edtero na S\u00e9 de Aveiro, pelas 16h.<br \/>\n\u00c9 uma alegria para toda a nossa comunidade.<\/p>\n<p>Aqui ficam alguns <strong>Testemunhos<\/strong> e <strong>Raz\u00f5es<\/strong>, que o futuro presb\u00edtero nos deixa:<br \/>\n&#8211; Ser padre para os outros, trazer Jesus a todos aqueles com quem me cruzo&#8230;<br \/>\n&#8211; Como surgiu a vontade? Em primeiro lugar deve-se a Deus. Foi Deus que me chamou e continua a chamar para enviar \u00e0queles que tanto ama&#8230; n\u00e3o h\u00e1 uma data, mas h\u00e1 um encontro que se d\u00e1 e que transforma a nossa vida. Deus prop\u00f5e-nos um caminho de felicidade&#8230; que n\u00e3o tem fim. Este \u00faltimo ano foi uma gra\u00e7a muito grande. Estou agradecido \u00e0 Comunidade de Nossa Senhora da Gl\u00f3ria pelo acolhimento pelo cuidado, pelo testemunho e principalmente pela paci\u00eancia que tiveram para comigo.<\/p>\n<p>&nbsp;<\/p>\n<p style=\"text-align: right;\"><em>fonte: correio do vouga<\/em><\/p>\n<p>&nbsp;<\/p>\n","protected":false},"excerpt":{"rendered":"<p>DEUS \u00c9 O PRIMEIRO INTERESSADO NA FELICIDADE DE CADA UM DE N\u00d3S. (Jorge Gon\u00e7alves) &nbsp; &nbsp; Neste domingo, 14 de julho, o Jorge Manuel Santos Gon\u00e7alves, natural da Par\u00f3quia de Recard\u00e3es e em servi\u00e7o na nossa Par\u00f3quia, ser\u00e1 ordenado presb\u00edtero na S\u00e9 de Aveiro, pelas 16h. \u00c9 uma alegria para toda a nossa comunidade. Aqui [&hellip;]<\/p>\n","protected":false},"author":1,"featured_media":7886,"comment_status":"open","ping_status":"closed","sticky":false,"template":"","format":"standard","meta":{"ngg_post_thumbnail":0},"categories":[1,4,2,6],"tags":[],"_links":{"self":[{"href":"http:\/\/paroquiagloria.org\/v2\/index.php?rest_route=\/wp\/v2\/posts\/7903"}],"collection":[{"href":"http:\/\/paroquiagloria.org\/v2\/index.php?rest_route=\/wp\/v2\/posts"}],"about":[{"href":"http:\/\/paroquiagloria.org\/v2\/index.php?rest_route=\/wp\/v2\/types\/post"}],"author":[{"embeddable":true,"href":"http:\/\/paroquiagloria.org\/v2\/index.php?rest_route=\/wp\/v2\/users\/1"}],"replies":[{"embeddable":true,"href":"http:\/\/paroquiagloria.org\/v2\/index.php?rest_route=%2Fwp%2Fv2%2Fcomments&post=7903"}],"version-history":[{"count":1,"href":"http:\/\/paroquiagloria.org\/v2\/index.php?rest_route=\/wp\/v2\/posts\/7903\/revisions"}],"predecessor-version":[{"id":7904,"href":"http:\/\/paroquiagloria.org\/v2\/index.php?rest_route=\/wp\/v2\/posts\/7903\/revisions\/7904"}],"wp:featuredmedia":[{"embeddable":true,"href":"http:\/\/paroquiagloria.org\/v2\/index.php?rest_route=\/wp\/v2\/media\/7886"}],"wp:attachment":[{"href":"http:\/\/paroquiagloria.org\/v2\/index.php?rest_route=%2Fwp%2Fv2%2Fmedia&parent=7903"}],"wp:term":[{"taxonomy":"category","embeddable":true,"href":"http:\/\/paroquiagloria.org\/v2\/index.php?rest_route=%2Fwp%2Fv2%2Fcategories&post=7903"},{"taxonomy":"post_tag","embeddable":true,"href":"http:\/\/paroquiagloria.org\/v2\/index.php?rest_route=%2Fwp%2Fv2%2Ftags&post=7903"}],"curies":[{"name":"wp","href":"https:\/\/api.w.org\/{rel}","templated":true}]}}