{"id":7892,"date":"2019-07-06T18:41:14","date_gmt":"2019-07-06T18:41:14","guid":{"rendered":"http:\/\/paroquiagloria.org\/v2\/?p=7892"},"modified":"2019-07-06T18:41:14","modified_gmt":"2019-07-06T18:41:14","slug":"concerto-de-aniversario","status":"publish","type":"post","link":"http:\/\/paroquiagloria.org\/v2\/?p=7892","title":{"rendered":"Concerto de Anivers\u00e1rio"},"content":{"rendered":"<p>&nbsp;<\/p>\n<p><a href=\"http:\/\/paroquiagloria.org\/v2\/wp-content\/uploads\/2017\/07\/banner_orgao.jpg\"><img loading=\"lazy\" class=\"size-full wp-image-5743 aligncenter\" src=\"http:\/\/paroquiagloria.org\/v2\/wp-content\/uploads\/2017\/07\/banner_orgao.jpg\" alt=\"banner_orgao\" width=\"960\" height=\"450\" srcset=\"http:\/\/paroquiagloria.org\/v2\/wp-content\/uploads\/2017\/07\/banner_orgao.jpg 960w, http:\/\/paroquiagloria.org\/v2\/wp-content\/uploads\/2017\/07\/banner_orgao-300x141.jpg 300w\" sizes=\"(max-width: 960px) 100vw, 960px\" \/><\/a><\/p>\n<p>J\u00e1 l\u00e1 v\u00e3o 6 anos em que o Sr. D. Ant\u00f3nio Francisco dos Santos, de saudosa e santa mem\u00f3ria, benzeu o \u00d3rg\u00e3o de tubos da nossa Igreja Paroquial. Em boa hora!<br \/>\nHora de j\u00fabilo, sem d\u00favida, e marcante no contexto cultural da nossa cidade e regi\u00e3o. Que o digam os estudantes da classe de \u00f3rg\u00e3o da nossa Universidade, que o digam os milhares de ouvintes presentes nos concertos, que m\u00e3os \u00e1geis e virtuosas de Organistas competentes, nacionais e estrangeiros, nos t\u00eam proporcionado.<br \/>\nE que dizer do desempenho nas nossas Celebra\u00e7\u00f5es Lit\u00fargicas, especialmente dominicais? \u00c9 incalcul\u00e1vel o seu valor.<br \/>\nVerdadeiramente este \u00d3rg\u00e3o, h\u00e1 6 anos vivo e ao servi\u00e7o da Liturgia, n\u00e3o marcou apenas a vida da nossa Par\u00f3quia, mas a da pr\u00f3pria Diocese de Aveiro, porque a sua b\u00ean\u00e7\u00e3o e concerto inaugural se integraram nas comemora\u00e7\u00f5es do 75\u00b0anivers\u00e1rio da restaura\u00e7\u00e3o da nossa Igreja Aveirense.<br \/>\nEm boa hora concebido e constru\u00eddo, queremos comemorar o 6\u00b0anivers\u00e1rio do seu nascimento. O dia 12 de Julho \u00e9 o dia. Todos estamos convidados para o Concerto, na S\u00e9, \u00e0s 21h30.<\/p>\n","protected":false},"excerpt":{"rendered":"<p>&nbsp; J\u00e1 l\u00e1 v\u00e3o 6 anos em que o Sr. D. Ant\u00f3nio Francisco dos Santos, de saudosa e santa mem\u00f3ria, benzeu o \u00d3rg\u00e3o de tubos da nossa Igreja Paroquial. Em boa hora! Hora de j\u00fabilo, sem d\u00favida, e marcante no contexto cultural da nossa cidade e regi\u00e3o. Que o digam os estudantes da classe de [&hellip;]<\/p>\n","protected":false},"author":1,"featured_media":5743,"comment_status":"open","ping_status":"closed","sticky":false,"template":"","format":"standard","meta":{"ngg_post_thumbnail":0},"categories":[1,4,2,6],"tags":[],"_links":{"self":[{"href":"http:\/\/paroquiagloria.org\/v2\/index.php?rest_route=\/wp\/v2\/posts\/7892"}],"collection":[{"href":"http:\/\/paroquiagloria.org\/v2\/index.php?rest_route=\/wp\/v2\/posts"}],"about":[{"href":"http:\/\/paroquiagloria.org\/v2\/index.php?rest_route=\/wp\/v2\/types\/post"}],"author":[{"embeddable":true,"href":"http:\/\/paroquiagloria.org\/v2\/index.php?rest_route=\/wp\/v2\/users\/1"}],"replies":[{"embeddable":true,"href":"http:\/\/paroquiagloria.org\/v2\/index.php?rest_route=%2Fwp%2Fv2%2Fcomments&post=7892"}],"version-history":[{"count":1,"href":"http:\/\/paroquiagloria.org\/v2\/index.php?rest_route=\/wp\/v2\/posts\/7892\/revisions"}],"predecessor-version":[{"id":7893,"href":"http:\/\/paroquiagloria.org\/v2\/index.php?rest_route=\/wp\/v2\/posts\/7892\/revisions\/7893"}],"wp:featuredmedia":[{"embeddable":true,"href":"http:\/\/paroquiagloria.org\/v2\/index.php?rest_route=\/wp\/v2\/media\/5743"}],"wp:attachment":[{"href":"http:\/\/paroquiagloria.org\/v2\/index.php?rest_route=%2Fwp%2Fv2%2Fmedia&parent=7892"}],"wp:term":[{"taxonomy":"category","embeddable":true,"href":"http:\/\/paroquiagloria.org\/v2\/index.php?rest_route=%2Fwp%2Fv2%2Fcategories&post=7892"},{"taxonomy":"post_tag","embeddable":true,"href":"http:\/\/paroquiagloria.org\/v2\/index.php?rest_route=%2Fwp%2Fv2%2Ftags&post=7892"}],"curies":[{"name":"wp","href":"https:\/\/api.w.org\/{rel}","templated":true}]}}