{"id":7879,"date":"2019-07-06T18:32:56","date_gmt":"2019-07-06T18:32:56","guid":{"rendered":"http:\/\/paroquiagloria.org\/v2\/?p=7879"},"modified":"2019-07-06T18:32:56","modified_gmt":"2019-07-06T18:32:56","slug":"papa-celebra-missa-para-migrantes-e-refugiados","status":"publish","type":"post","link":"http:\/\/paroquiagloria.org\/v2\/?p=7879","title":{"rendered":"Papa celebra Missa para migrantes e refugiados"},"content":{"rendered":"<p>&nbsp;<\/p>\n<p><a href=\"http:\/\/paroquiagloria.org\/v2\/wp-content\/uploads\/2019\/07\/papa_migrantes.jpeg\"><img loading=\"lazy\" class=\"size-large wp-image-7880 aligncenter\" src=\"http:\/\/paroquiagloria.org\/v2\/wp-content\/uploads\/2019\/07\/papa_migrantes-1024x682.jpeg\" alt=\"papa_migrantes\" width=\"1024\" height=\"682\" srcset=\"http:\/\/paroquiagloria.org\/v2\/wp-content\/uploads\/2019\/07\/papa_migrantes-1024x682.jpeg 1024w, http:\/\/paroquiagloria.org\/v2\/wp-content\/uploads\/2019\/07\/papa_migrantes-300x200.jpeg 300w, http:\/\/paroquiagloria.org\/v2\/wp-content\/uploads\/2019\/07\/papa_migrantes-140x94.jpeg 140w, http:\/\/paroquiagloria.org\/v2\/wp-content\/uploads\/2019\/07\/papa_migrantes.jpeg 1200w\" sizes=\"(max-width: 1024px) 100vw, 1024px\" \/><\/a><\/p>\n<p style=\"text-align: justify;\">O Papa vai celebrar uma Missa no Vaticano com um grupo de migrantes e refugiados de v\u00e1rias nacionalidades, acompanhados por volunt\u00e1rios que trabalharam em miss\u00f5es de resgate.<br \/>\nDe acordo com o portal do Vaticano, a iniciativa est\u00e1 marcada para o dia 8 de julho, a partir das 11h e tem como objectivo assinalar o sexto anivers\u00e1rio da visita de Francisco \u00e0 ilha italiana de Lampedusa.<br \/>\nO Papa pretende que \u201co momento seja o mais poss\u00edvel de recolhimento, em mem\u00f3ria daqueles que perderam a vida para fugir \u00e0 guerra e \u00e0 mis\u00e9ria e para encorajar aqueles que, todos os dias, se esfor\u00e7am por apoiar, acompanhar e acolher os migrantes e refugiados\u201d.<\/p>\n<p style=\"text-align: right;\"><a href=\"https:\/\/agencia.ecclesia.pt\/portal\/vaticano-papa-vai-celebrar-missa-para-migrantes-e-refugiados\/\" target=\"_blank\">www.ecclesia.pt<\/a><\/p>\n","protected":false},"excerpt":{"rendered":"<p>&nbsp; O Papa vai celebrar uma Missa no Vaticano com um grupo de migrantes e refugiados de v\u00e1rias nacionalidades, acompanhados por volunt\u00e1rios que trabalharam em miss\u00f5es de resgate. De acordo com o portal do Vaticano, a iniciativa est\u00e1 marcada para o dia 8 de julho, a partir das 11h e tem como objectivo assinalar o [&hellip;]<\/p>\n","protected":false},"author":1,"featured_media":7881,"comment_status":"open","ping_status":"closed","sticky":false,"template":"","format":"standard","meta":{"ngg_post_thumbnail":0},"categories":[1,4,2,6],"tags":[],"_links":{"self":[{"href":"http:\/\/paroquiagloria.org\/v2\/index.php?rest_route=\/wp\/v2\/posts\/7879"}],"collection":[{"href":"http:\/\/paroquiagloria.org\/v2\/index.php?rest_route=\/wp\/v2\/posts"}],"about":[{"href":"http:\/\/paroquiagloria.org\/v2\/index.php?rest_route=\/wp\/v2\/types\/post"}],"author":[{"embeddable":true,"href":"http:\/\/paroquiagloria.org\/v2\/index.php?rest_route=\/wp\/v2\/users\/1"}],"replies":[{"embeddable":true,"href":"http:\/\/paroquiagloria.org\/v2\/index.php?rest_route=%2Fwp%2Fv2%2Fcomments&post=7879"}],"version-history":[{"count":1,"href":"http:\/\/paroquiagloria.org\/v2\/index.php?rest_route=\/wp\/v2\/posts\/7879\/revisions"}],"predecessor-version":[{"id":7882,"href":"http:\/\/paroquiagloria.org\/v2\/index.php?rest_route=\/wp\/v2\/posts\/7879\/revisions\/7882"}],"wp:featuredmedia":[{"embeddable":true,"href":"http:\/\/paroquiagloria.org\/v2\/index.php?rest_route=\/wp\/v2\/media\/7881"}],"wp:attachment":[{"href":"http:\/\/paroquiagloria.org\/v2\/index.php?rest_route=%2Fwp%2Fv2%2Fmedia&parent=7879"}],"wp:term":[{"taxonomy":"category","embeddable":true,"href":"http:\/\/paroquiagloria.org\/v2\/index.php?rest_route=%2Fwp%2Fv2%2Fcategories&post=7879"},{"taxonomy":"post_tag","embeddable":true,"href":"http:\/\/paroquiagloria.org\/v2\/index.php?rest_route=%2Fwp%2Fv2%2Ftags&post=7879"}],"curies":[{"name":"wp","href":"https:\/\/api.w.org\/{rel}","templated":true}]}}