{"id":7871,"date":"2019-06-29T19:19:11","date_gmt":"2019-06-29T19:19:11","guid":{"rendered":"http:\/\/paroquiagloria.org\/v2\/?p=7871"},"modified":"2019-06-29T19:19:11","modified_gmt":"2019-06-29T19:19:11","slug":"mudar-de-vida","status":"publish","type":"post","link":"http:\/\/paroquiagloria.org\/v2\/?p=7871","title":{"rendered":"Mudar de Vida !"},"content":{"rendered":"<p><a href=\"http:\/\/paroquiagloria.org\/v2\/wp-content\/uploads\/2019\/06\/13dtc_C.jpg\"><img loading=\"lazy\" class=\"size-full wp-image-7872 aligncenter\" src=\"http:\/\/paroquiagloria.org\/v2\/wp-content\/uploads\/2019\/06\/13dtc_C.jpg\" alt=\"13dtc_C\" width=\"1000\" height=\"888\" srcset=\"http:\/\/paroquiagloria.org\/v2\/wp-content\/uploads\/2019\/06\/13dtc_C.jpg 1000w, http:\/\/paroquiagloria.org\/v2\/wp-content\/uploads\/2019\/06\/13dtc_C-300x266.jpg 300w\" sizes=\"(max-width: 1000px) 100vw, 1000px\" \/><\/a><\/p>\n<p>&nbsp;<\/p>\n<p style=\"text-align: justify;\">Segundo a Palavra de Deus deste XIII Domingo do Tempo Comum, a disponibilidade e a prontid\u00e3o s\u00e3o as caracter\u00edsticas fundamentais e comuns a todos os que Deus chama a uma miss\u00e3o especial. Exemplo claro \u00e9 a voca\u00e7\u00e3o de Eliseu na 1\u00b0leitura e, a avaliar pela reac\u00e7\u00e3o de Jesus \u00e0queles que desejavam segui-Lo, o grau de exig\u00eancias do Evangelho n\u00e3o \u00e9 menor.<br \/>\nOutra coisa, hoje, n\u00e3o pede Jesus a quem chama, apesar da linguagem parecer radicalmente inoportuna e inadequada ao comum pensar a voca\u00e7\u00e3o. Na verdade, a radicalidade da proposta de Jesus \u00e9 pouco convidativa, mesmo inaceit\u00e1vel para a grande maioria dos nossos contempor\u00e2neos; apesar de tudo, Jesus n\u00e3o retira uma v\u00edrgula ao que disse : <em>&#8220;Quem tiver lan\u00e7ado as m\u00e3os ao arado e olhar para tr\u00e1s n\u00e3o serve para o Reino de Deus&#8221;<\/em>.<br \/>\nS\u00f3 pessoas dispon\u00edveis e prontas entendem e s\u00e3o capazes de responder \u00e0s exig\u00eancias da Miss\u00e3o, numa sociedade cada vez mais &#8220;l\u00edquida&#8221;, como a nossa.<br \/>\nE quando se fala em Miss\u00e3o, n\u00e3o nos referimos somente ao chamamento \u00e0 vida consagrada, religiosa e secular, ou ao minist\u00e9rio ordenado, mas tamb\u00e9m \u00e0 vida matrimonial, pois todas s\u00e3o caminho de santidade, incompat\u00edvel com formas &#8220;light&#8221; de viver.<br \/>\nEm tempo algum Jesus vai mudar a linguagem ou baixar a fasquia de exig\u00eancia do chamamento, n\u00f3s \u00e9 que temos de mudar de vida.<\/p>\n<p style=\"text-align: right;\">\nP. Fausto<\/p>\n<p style=\"text-align: right;\"><em>in<\/em> Di\u00e1logo 1663 (XIII Domingo do Tempo Comum &#8211; Ano C)<\/p>\n","protected":false},"excerpt":{"rendered":"<p>&nbsp; Segundo a Palavra de Deus deste XIII Domingo do Tempo Comum, a disponibilidade e a prontid\u00e3o s\u00e3o as caracter\u00edsticas fundamentais e comuns a todos os que Deus chama a uma miss\u00e3o especial. Exemplo claro \u00e9 a voca\u00e7\u00e3o de Eliseu na 1\u00b0leitura e, a avaliar pela reac\u00e7\u00e3o de Jesus \u00e0queles que desejavam segui-Lo, o grau [&hellip;]<\/p>\n","protected":false},"author":1,"featured_media":7873,"comment_status":"open","ping_status":"closed","sticky":false,"template":"","format":"standard","meta":{"ngg_post_thumbnail":0},"categories":[1,4,2,6,17],"tags":[],"_links":{"self":[{"href":"http:\/\/paroquiagloria.org\/v2\/index.php?rest_route=\/wp\/v2\/posts\/7871"}],"collection":[{"href":"http:\/\/paroquiagloria.org\/v2\/index.php?rest_route=\/wp\/v2\/posts"}],"about":[{"href":"http:\/\/paroquiagloria.org\/v2\/index.php?rest_route=\/wp\/v2\/types\/post"}],"author":[{"embeddable":true,"href":"http:\/\/paroquiagloria.org\/v2\/index.php?rest_route=\/wp\/v2\/users\/1"}],"replies":[{"embeddable":true,"href":"http:\/\/paroquiagloria.org\/v2\/index.php?rest_route=%2Fwp%2Fv2%2Fcomments&post=7871"}],"version-history":[{"count":1,"href":"http:\/\/paroquiagloria.org\/v2\/index.php?rest_route=\/wp\/v2\/posts\/7871\/revisions"}],"predecessor-version":[{"id":7874,"href":"http:\/\/paroquiagloria.org\/v2\/index.php?rest_route=\/wp\/v2\/posts\/7871\/revisions\/7874"}],"wp:featuredmedia":[{"embeddable":true,"href":"http:\/\/paroquiagloria.org\/v2\/index.php?rest_route=\/wp\/v2\/media\/7873"}],"wp:attachment":[{"href":"http:\/\/paroquiagloria.org\/v2\/index.php?rest_route=%2Fwp%2Fv2%2Fmedia&parent=7871"}],"wp:term":[{"taxonomy":"category","embeddable":true,"href":"http:\/\/paroquiagloria.org\/v2\/index.php?rest_route=%2Fwp%2Fv2%2Fcategories&post=7871"},{"taxonomy":"post_tag","embeddable":true,"href":"http:\/\/paroquiagloria.org\/v2\/index.php?rest_route=%2Fwp%2Fv2%2Ftags&post=7871"}],"curies":[{"name":"wp","href":"https:\/\/api.w.org\/{rel}","templated":true}]}}