{"id":7827,"date":"2019-06-15T18:18:23","date_gmt":"2019-06-15T18:18:23","guid":{"rendered":"http:\/\/paroquiagloria.org\/v2\/?p=7827"},"modified":"2019-06-15T18:18:23","modified_gmt":"2019-06-15T18:18:23","slug":"quem-sao-os-ateus","status":"publish","type":"post","link":"http:\/\/paroquiagloria.org\/v2\/?p=7827","title":{"rendered":"Quem s\u00e3o os ateus?"},"content":{"rendered":"<p><a href=\"http:\/\/paroquiagloria.org\/v2\/wp-content\/uploads\/2019\/06\/SSTrindade_C.jpg\"><img loading=\"lazy\" class=\"size-full wp-image-7812 aligncenter\" src=\"http:\/\/paroquiagloria.org\/v2\/wp-content\/uploads\/2019\/06\/SSTrindade_C.jpg\" alt=\"SSTrindade_C\" width=\"605\" height=\"873\" srcset=\"http:\/\/paroquiagloria.org\/v2\/wp-content\/uploads\/2019\/06\/SSTrindade_C.jpg 605w, http:\/\/paroquiagloria.org\/v2\/wp-content\/uploads\/2019\/06\/SSTrindade_C-208x300.jpg 208w\" sizes=\"(max-width: 605px) 100vw, 605px\" \/><\/a><\/p>\n<p>&nbsp;<\/p>\n<p style=\"text-align: justify;\"><em>&#8220;Tenho ainda muitas coisas para vos dizer, mas n\u00e3o as podeis compreender agora. Quando vier o Esp\u00edrito da verdade, Ele vos guiar\u00e1 para a verdade plena&#8221;<\/em>, como nos diz o discurso da \u00faltima Ceia, hoje lembrado no Evangelho.<br \/>\nJesus n\u00e3o se refere, de certo, ao conhecimento de mat\u00e9ria obrigat\u00f3ria ainda por dar, mas \u00e0 incapacidade humana de, por si mesma, abarcar o Mist\u00e9rio de Deus. De facto, &#8220;um s\u00f3 Deus em tr\u00eas Pessoas&#8221; \u00e9 Mist\u00e9rio que se explica mas n\u00e3o se abarca, \u00e9 realidade que nos transcende mas, apesar da nossa pequenez, n\u00e3o nos esmaga, antes envolve num Abra\u00e7o de Amor infinito, de Ternura e de Miseric\u00f3rdia.<br \/>\nQue Deus \u00e9 \u00danico j\u00e1 sab\u00edamos h\u00e1 muito, mas o que Jesus nos revela \u00e9 que Deus \u00e9 Uno e Trino, n\u00e3o \u00e9 solid\u00e3o mas comunh\u00e3o, n\u00e3o vive sozinho, centrado em Si mesmo, e de costas para os homens. \u00c9 Comunidade, \u00e9 Fam\u00edlia de tr\u00eas Pessoas que, sem se anularem, complementam-se, t\u00eam a mesma natureza divina, o mesmo poder e majestade e \u00e9-Lhes devida a mesma Honra, Gl\u00f3ria e Louvor.<br \/>\nMist\u00e9rio da Sant\u00edssima Trindade, Mist\u00e9rio de Deus Uno e Trino, perscrutado e acolhido no cora\u00e7\u00e3o porque \u00e9 Mist\u00e9rio de Amor, n\u00e3o se traduz em discurso mas na fidelidade ao Mandamento Novo.<br \/>\nA esta luz o verdadeiro ateu n\u00e3o \u00e9 o que diz n\u00e3o acreditar em Deus, mas o que n\u00e3o se esfor\u00e7a por criar la\u00e7os, fazer pontes, promover a fraternidade, a justi\u00e7a, a paz&#8230;<br \/>\n\u00c9 assim que o homem se realiza como ser criado \u00e0 imagem e semelhan\u00e7a de Deus, porque, mesmo sem o saber, reflete verdadeiramente que Deus \u00e9 Fam\u00edlia Trinit\u00e1ria, Comunidade Plena, Amor Infinito&#8230;<br \/>\n\u00c9 este o Deus em quem acreditamos.<\/p>\n<p style=\"text-align: right;\">\nP. Fausto<\/p>\n<p style=\"text-align: right;\"><em>in<\/em> Di\u00e1logo 1661 (Solenidade da Sant\u00edssima Trindade &#8211; Ano C)<\/p>\n<p style=\"text-align: right;\">\n","protected":false},"excerpt":{"rendered":"<p>&nbsp; &#8220;Tenho ainda muitas coisas para vos dizer, mas n\u00e3o as podeis compreender agora. Quando vier o Esp\u00edrito da verdade, Ele vos guiar\u00e1 para a verdade plena&#8221;, como nos diz o discurso da \u00faltima Ceia, hoje lembrado no Evangelho. Jesus n\u00e3o se refere, de certo, ao conhecimento de mat\u00e9ria obrigat\u00f3ria ainda por dar, mas \u00e0 [&hellip;]<\/p>\n","protected":false},"author":1,"featured_media":7816,"comment_status":"open","ping_status":"closed","sticky":false,"template":"","format":"standard","meta":{"ngg_post_thumbnail":0},"categories":[1,4,2,6,17],"tags":[],"_links":{"self":[{"href":"http:\/\/paroquiagloria.org\/v2\/index.php?rest_route=\/wp\/v2\/posts\/7827"}],"collection":[{"href":"http:\/\/paroquiagloria.org\/v2\/index.php?rest_route=\/wp\/v2\/posts"}],"about":[{"href":"http:\/\/paroquiagloria.org\/v2\/index.php?rest_route=\/wp\/v2\/types\/post"}],"author":[{"embeddable":true,"href":"http:\/\/paroquiagloria.org\/v2\/index.php?rest_route=\/wp\/v2\/users\/1"}],"replies":[{"embeddable":true,"href":"http:\/\/paroquiagloria.org\/v2\/index.php?rest_route=%2Fwp%2Fv2%2Fcomments&post=7827"}],"version-history":[{"count":1,"href":"http:\/\/paroquiagloria.org\/v2\/index.php?rest_route=\/wp\/v2\/posts\/7827\/revisions"}],"predecessor-version":[{"id":7828,"href":"http:\/\/paroquiagloria.org\/v2\/index.php?rest_route=\/wp\/v2\/posts\/7827\/revisions\/7828"}],"wp:featuredmedia":[{"embeddable":true,"href":"http:\/\/paroquiagloria.org\/v2\/index.php?rest_route=\/wp\/v2\/media\/7816"}],"wp:attachment":[{"href":"http:\/\/paroquiagloria.org\/v2\/index.php?rest_route=%2Fwp%2Fv2%2Fmedia&parent=7827"}],"wp:term":[{"taxonomy":"category","embeddable":true,"href":"http:\/\/paroquiagloria.org\/v2\/index.php?rest_route=%2Fwp%2Fv2%2Fcategories&post=7827"},{"taxonomy":"post_tag","embeddable":true,"href":"http:\/\/paroquiagloria.org\/v2\/index.php?rest_route=%2Fwp%2Fv2%2Ftags&post=7827"}],"curies":[{"name":"wp","href":"https:\/\/api.w.org\/{rel}","templated":true}]}}