{"id":7823,"date":"2019-06-15T18:15:23","date_gmt":"2019-06-15T18:15:23","guid":{"rendered":"http:\/\/paroquiagloria.org\/v2\/?p=7823"},"modified":"2019-06-15T18:15:23","modified_gmt":"2019-06-15T18:15:23","slug":"xlv-encontro-nacional-de-liturgia-3","status":"publish","type":"post","link":"http:\/\/paroquiagloria.org\/v2\/?p=7823","title":{"rendered":"XLV Encontro  Nacional de Liturgia"},"content":{"rendered":"<p><a href=\"http:\/\/paroquiagloria.org\/v2\/wp-content\/uploads\/2019\/06\/liturgia_missao2019.jpg\"><img loading=\"lazy\" class=\"size-full wp-image-7751 aligncenter\" src=\"http:\/\/paroquiagloria.org\/v2\/wp-content\/uploads\/2019\/06\/liturgia_missao2019.jpg\" alt=\"liturgia_missao2019\" width=\"900\" height=\"600\" srcset=\"http:\/\/paroquiagloria.org\/v2\/wp-content\/uploads\/2019\/06\/liturgia_missao2019.jpg 900w, http:\/\/paroquiagloria.org\/v2\/wp-content\/uploads\/2019\/06\/liturgia_missao2019-300x200.jpg 300w, http:\/\/paroquiagloria.org\/v2\/wp-content\/uploads\/2019\/06\/liturgia_missao2019-140x94.jpg 140w\" sizes=\"(max-width: 900px) 100vw, 900px\" \/><\/a><\/p>\n<p>&nbsp;<\/p>\n<p>O <strong>45\u00ba Encontro Nacional de Pastoral Lit\u00fargica<\/strong>, a realizar em F\u00e1tima nos dias 22-26 de julho de 2019, ser\u00e1 sobre Liturgia e Miss\u00e3o.<br \/>\nEncontre mais informa\u00e7\u00f5es sobre a tem\u00e1tica e o programa na p\u00e1gina do Encontro em <a href=\"http:\/\/liturgia.pt\/enpl\/\" target=\"_blank\">http:\/\/liturgia.pt\/enpl\/ <\/a><br \/>\nTamb\u00e9m a\u00ed pode realizar a sua inscri\u00e7\u00e3o.<\/p>\n","protected":false},"excerpt":{"rendered":"<p>&nbsp; O 45\u00ba Encontro Nacional de Pastoral Lit\u00fargica, a realizar em F\u00e1tima nos dias 22-26 de julho de 2019, ser\u00e1 sobre Liturgia e Miss\u00e3o. Encontre mais informa\u00e7\u00f5es sobre a tem\u00e1tica e o programa na p\u00e1gina do Encontro em http:\/\/liturgia.pt\/enpl\/ Tamb\u00e9m a\u00ed pode realizar a sua inscri\u00e7\u00e3o.<\/p>\n","protected":false},"author":1,"featured_media":7755,"comment_status":"open","ping_status":"closed","sticky":false,"template":"","format":"standard","meta":{"ngg_post_thumbnail":0},"categories":[1,4,2,6,21],"tags":[],"_links":{"self":[{"href":"http:\/\/paroquiagloria.org\/v2\/index.php?rest_route=\/wp\/v2\/posts\/7823"}],"collection":[{"href":"http:\/\/paroquiagloria.org\/v2\/index.php?rest_route=\/wp\/v2\/posts"}],"about":[{"href":"http:\/\/paroquiagloria.org\/v2\/index.php?rest_route=\/wp\/v2\/types\/post"}],"author":[{"embeddable":true,"href":"http:\/\/paroquiagloria.org\/v2\/index.php?rest_route=\/wp\/v2\/users\/1"}],"replies":[{"embeddable":true,"href":"http:\/\/paroquiagloria.org\/v2\/index.php?rest_route=%2Fwp%2Fv2%2Fcomments&post=7823"}],"version-history":[{"count":1,"href":"http:\/\/paroquiagloria.org\/v2\/index.php?rest_route=\/wp\/v2\/posts\/7823\/revisions"}],"predecessor-version":[{"id":7824,"href":"http:\/\/paroquiagloria.org\/v2\/index.php?rest_route=\/wp\/v2\/posts\/7823\/revisions\/7824"}],"wp:featuredmedia":[{"embeddable":true,"href":"http:\/\/paroquiagloria.org\/v2\/index.php?rest_route=\/wp\/v2\/media\/7755"}],"wp:attachment":[{"href":"http:\/\/paroquiagloria.org\/v2\/index.php?rest_route=%2Fwp%2Fv2%2Fmedia&parent=7823"}],"wp:term":[{"taxonomy":"category","embeddable":true,"href":"http:\/\/paroquiagloria.org\/v2\/index.php?rest_route=%2Fwp%2Fv2%2Fcategories&post=7823"},{"taxonomy":"post_tag","embeddable":true,"href":"http:\/\/paroquiagloria.org\/v2\/index.php?rest_route=%2Fwp%2Fv2%2Ftags&post=7823"}],"curies":[{"name":"wp","href":"https:\/\/api.w.org\/{rel}","templated":true}]}}