{"id":7785,"date":"2019-06-08T19:42:03","date_gmt":"2019-06-08T19:42:03","guid":{"rendered":"http:\/\/paroquiagloria.org\/v2\/?p=7785"},"modified":"2019-06-08T19:42:03","modified_gmt":"2019-06-08T19:42:03","slug":"festas-de-verao-7","status":"publish","type":"post","link":"http:\/\/paroquiagloria.org\/v2\/?p=7785","title":{"rendered":"Festas de Ver\u00e3o"},"content":{"rendered":"<h3>09, 15, 22 e 23 de Junho<\/h3>\n<p><a href=\"http:\/\/paroquiagloria.org\/v2\/wp-content\/uploads\/2016\/05\/banner_festasver\u00e3o.jpg\"><img loading=\"lazy\" class=\"size-full wp-image-4429 aligncenter\" src=\"http:\/\/paroquiagloria.org\/v2\/wp-content\/uploads\/2016\/05\/banner_festasver\u00e3o.jpg\" alt=\"banner_festasver\u00e3o\" width=\"960\" height=\"450\" srcset=\"http:\/\/paroquiagloria.org\/v2\/wp-content\/uploads\/2016\/05\/banner_festasver\u00e3o.jpg 960w, http:\/\/paroquiagloria.org\/v2\/wp-content\/uploads\/2016\/05\/banner_festasver\u00e3o-300x141.jpg 300w\" sizes=\"(max-width: 960px) 100vw, 960px\" \/><\/a><\/p>\n<p>J\u00e1 reservou alguma destas noites para se juntar aos demais e demonstrar que \u00e9 paroquiano e apreciador do conv\u00edvio que as noites das nossas Festas de Ver\u00e3o proporcionam a quem nos visita?<br \/>\nA Comiss\u00e3o das Festas espera-o e garante-lhe a surpresa agrad\u00e1vel de um bom peda\u00e7o de noite na varanda principesca da p\u00e9rgula do nosso Parque. Venha e experimente!<br \/>\nSer, fazer e sentir festa n\u00e3o depende s\u00f3 dos outros, mas de si tamb\u00e9m. Aqui fica o convite.<\/p>\n","protected":false},"excerpt":{"rendered":"<p>09, 15, 22 e 23 de Junho J\u00e1 reservou alguma destas noites para se juntar aos demais e demonstrar que \u00e9 paroquiano e apreciador do conv\u00edvio que as noites das nossas Festas de Ver\u00e3o proporcionam a quem nos visita? A Comiss\u00e3o das Festas espera-o e garante-lhe a surpresa agrad\u00e1vel de um bom peda\u00e7o de noite [&hellip;]<\/p>\n","protected":false},"author":1,"featured_media":4429,"comment_status":"open","ping_status":"closed","sticky":false,"template":"","format":"standard","meta":{"ngg_post_thumbnail":0},"categories":[1,4,2,6,21],"tags":[],"_links":{"self":[{"href":"http:\/\/paroquiagloria.org\/v2\/index.php?rest_route=\/wp\/v2\/posts\/7785"}],"collection":[{"href":"http:\/\/paroquiagloria.org\/v2\/index.php?rest_route=\/wp\/v2\/posts"}],"about":[{"href":"http:\/\/paroquiagloria.org\/v2\/index.php?rest_route=\/wp\/v2\/types\/post"}],"author":[{"embeddable":true,"href":"http:\/\/paroquiagloria.org\/v2\/index.php?rest_route=\/wp\/v2\/users\/1"}],"replies":[{"embeddable":true,"href":"http:\/\/paroquiagloria.org\/v2\/index.php?rest_route=%2Fwp%2Fv2%2Fcomments&post=7785"}],"version-history":[{"count":1,"href":"http:\/\/paroquiagloria.org\/v2\/index.php?rest_route=\/wp\/v2\/posts\/7785\/revisions"}],"predecessor-version":[{"id":7786,"href":"http:\/\/paroquiagloria.org\/v2\/index.php?rest_route=\/wp\/v2\/posts\/7785\/revisions\/7786"}],"wp:featuredmedia":[{"embeddable":true,"href":"http:\/\/paroquiagloria.org\/v2\/index.php?rest_route=\/wp\/v2\/media\/4429"}],"wp:attachment":[{"href":"http:\/\/paroquiagloria.org\/v2\/index.php?rest_route=%2Fwp%2Fv2%2Fmedia&parent=7785"}],"wp:term":[{"taxonomy":"category","embeddable":true,"href":"http:\/\/paroquiagloria.org\/v2\/index.php?rest_route=%2Fwp%2Fv2%2Fcategories&post=7785"},{"taxonomy":"post_tag","embeddable":true,"href":"http:\/\/paroquiagloria.org\/v2\/index.php?rest_route=%2Fwp%2Fv2%2Ftags&post=7785"}],"curies":[{"name":"wp","href":"https:\/\/api.w.org\/{rel}","templated":true}]}}