{"id":7221,"date":"2019-01-05T20:49:07","date_gmt":"2019-01-05T20:49:07","guid":{"rendered":"http:\/\/paroquiagloria.org\/v2\/?p=7221"},"modified":"2019-01-05T20:49:07","modified_gmt":"2019-01-05T20:49:07","slug":"vamos-cantar-os-reis-5","status":"publish","type":"post","link":"http:\/\/paroquiagloria.org\/v2\/?p=7221","title":{"rendered":"Vamos cantar os reis!"},"content":{"rendered":"<p>&nbsp;<\/p>\n<p><a href=\"http:\/\/paroquiagloria.org\/v2\/wp-content\/uploads\/2018\/12\/thumbnail_IMG_8470.jpg\"><img loading=\"lazy\" class=\"size-large wp-image-7194 aligncenter\" src=\"http:\/\/paroquiagloria.org\/v2\/wp-content\/uploads\/2018\/12\/thumbnail_IMG_8470-1024x723.jpg\" alt=\"thumbnail_IMG_8470\" width=\"1024\" height=\"723\" srcset=\"http:\/\/paroquiagloria.org\/v2\/wp-content\/uploads\/2018\/12\/thumbnail_IMG_8470.jpg 1024w, http:\/\/paroquiagloria.org\/v2\/wp-content\/uploads\/2018\/12\/thumbnail_IMG_8470-300x212.jpg 300w\" sizes=\"(max-width: 1024px) 100vw, 1024px\" \/><\/a><\/p>\n<p>A nossa comunidade paroquial andou pelas ruas da Par\u00f3quia a Cantar os Reis, Anunciando a Alegria do Natal!<br \/>\nForam quatro noites de cantar de reis, com um grupo muito animando com mais de 30 pessoas. Para o ano h\u00e1 mais! Contamos com a participa\u00e7\u00e3o de todos.<\/p>\n<p>&nbsp;<\/p>\n","protected":false},"excerpt":{"rendered":"<p>&nbsp; A nossa comunidade paroquial andou pelas ruas da Par\u00f3quia a Cantar os Reis, Anunciando a Alegria do Natal! Foram quatro noites de cantar de reis, com um grupo muito animando com mais de 30 pessoas. Para o ano h\u00e1 mais! Contamos com a participa\u00e7\u00e3o de todos. &nbsp;<\/p>\n","protected":false},"author":1,"featured_media":7146,"comment_status":"open","ping_status":"closed","sticky":false,"template":"","format":"standard","meta":{"ngg_post_thumbnail":0},"categories":[1,4,2,6,21],"tags":[],"_links":{"self":[{"href":"http:\/\/paroquiagloria.org\/v2\/index.php?rest_route=\/wp\/v2\/posts\/7221"}],"collection":[{"href":"http:\/\/paroquiagloria.org\/v2\/index.php?rest_route=\/wp\/v2\/posts"}],"about":[{"href":"http:\/\/paroquiagloria.org\/v2\/index.php?rest_route=\/wp\/v2\/types\/post"}],"author":[{"embeddable":true,"href":"http:\/\/paroquiagloria.org\/v2\/index.php?rest_route=\/wp\/v2\/users\/1"}],"replies":[{"embeddable":true,"href":"http:\/\/paroquiagloria.org\/v2\/index.php?rest_route=%2Fwp%2Fv2%2Fcomments&post=7221"}],"version-history":[{"count":1,"href":"http:\/\/paroquiagloria.org\/v2\/index.php?rest_route=\/wp\/v2\/posts\/7221\/revisions"}],"predecessor-version":[{"id":7222,"href":"http:\/\/paroquiagloria.org\/v2\/index.php?rest_route=\/wp\/v2\/posts\/7221\/revisions\/7222"}],"wp:featuredmedia":[{"embeddable":true,"href":"http:\/\/paroquiagloria.org\/v2\/index.php?rest_route=\/wp\/v2\/media\/7146"}],"wp:attachment":[{"href":"http:\/\/paroquiagloria.org\/v2\/index.php?rest_route=%2Fwp%2Fv2%2Fmedia&parent=7221"}],"wp:term":[{"taxonomy":"category","embeddable":true,"href":"http:\/\/paroquiagloria.org\/v2\/index.php?rest_route=%2Fwp%2Fv2%2Fcategories&post=7221"},{"taxonomy":"post_tag","embeddable":true,"href":"http:\/\/paroquiagloria.org\/v2\/index.php?rest_route=%2Fwp%2Fv2%2Ftags&post=7221"}],"curies":[{"name":"wp","href":"https:\/\/api.w.org\/{rel}","templated":true}]}}