{"id":7215,"date":"2019-01-05T20:48:17","date_gmt":"2019-01-05T20:48:17","guid":{"rendered":"http:\/\/paroquiagloria.org\/v2\/?p=7215"},"modified":"2019-01-05T20:48:17","modified_gmt":"2019-01-05T20:48:17","slug":"portugueses-na-jmj-2019-panama","status":"publish","type":"post","link":"http:\/\/paroquiagloria.org\/v2\/?p=7215","title":{"rendered":"Portugueses na  JMJ 2019 &#8211; Panam\u00e1"},"content":{"rendered":"<p><a href=\"http:\/\/paroquiagloria.org\/v2\/wp-content\/uploads\/2019\/01\/panama_voluntarios_portugal1.jpg\"><img loading=\"lazy\" class=\"size-large wp-image-7217 aligncenter\" src=\"http:\/\/paroquiagloria.org\/v2\/wp-content\/uploads\/2019\/01\/panama_voluntarios_portugal1-1024x683.jpg\" alt=\"panama_voluntarios_portugal1\" width=\"1024\" height=\"683\" srcset=\"http:\/\/paroquiagloria.org\/v2\/wp-content\/uploads\/2019\/01\/panama_voluntarios_portugal1-1024x683.jpg 1024w, http:\/\/paroquiagloria.org\/v2\/wp-content\/uploads\/2019\/01\/panama_voluntarios_portugal1-300x200.jpg 300w, http:\/\/paroquiagloria.org\/v2\/wp-content\/uploads\/2019\/01\/panama_voluntarios_portugal1-140x94.jpg 140w, http:\/\/paroquiagloria.org\/v2\/wp-content\/uploads\/2019\/01\/panama_voluntarios_portugal1.jpg 1200w\" sizes=\"(max-width: 1024px) 100vw, 1024px\" \/><\/a><\/p>\n<p>Um grupo de volunt\u00e1rios portugueses que vai participar na pr\u00f3xima Jornada Mundial da Juventude (JMJ), que decorre de 22 a 27 de janeiro, partiu hoje para o Panam\u00e1. Filipe Teixeira, do Patriarcado de Lisboa, manifestou \u00e0 Ag\u00eancia ECCLESIA a inten\u00e7\u00e3o de \u201ctrabalhar em prol de muitos outros\u201d que v\u00e3o participar na JMJ, algo que faz pela segunda vez, como \u201cvolunt\u00e1rio de longa dura\u00e7\u00e3o\u201d, junto do Comit\u00e9 Organizador local.<br \/>\n\u201c\u00c9 poss\u00edvel jovens de todos os mundos, com as suas dificuldades, de v\u00e1rios contextos, unirem-se numa mesma f\u00e9, num mesmo prop\u00f3sito\u201d, oferecendo \u201cuma vitalidade nova \u00e0 Igreja\u201d, assinala.<br \/>\nTom\u00e1s Virtuoso, que em mar\u00e7o de 2018 participou na reuni\u00e3o pr\u00e9-sinodal que decorreu em Roma, parte agora para o Panam\u00e1 ao servi\u00e7o de \u201calgo muito maior\u201d, com vontade de \u201cdar o melhor e ajudar ao m\u00e1ximo a Igreja, num destes momentos de grande exposi\u00e7\u00e3o ao mundo\u201d. Acrescenta,<br \/>\n\u201cO grande desafio que h\u00e1 nestas jornadas \u00e9 que estes grandes eventos sejam iniciadores de processos claros, de acompanhamento dos jovens, do seu caminho, e n\u00e3o se esfumem muito r\u00e1pido\u201d<\/p>\n<p>&nbsp;<\/p>\n<p><a href=\"http:\/\/www.agencia.ecclesia.pt\/portal\/jmj2019-voluntarios-portugueses-partiram-para-o-panama\/\" target=\"_blank\">NOT\u00edCIA INTEGRAL<\/a><\/p>\n<p>&nbsp;<\/p>\n<p><a href=\"http:\/\/paroquiagloria.org\/v2\/wp-content\/uploads\/2019\/01\/Papa-JMJ.jpg\"><img loading=\"lazy\" class=\"size-full wp-image-7218 aligncenter\" src=\"http:\/\/paroquiagloria.org\/v2\/wp-content\/uploads\/2019\/01\/Papa-JMJ.jpg\" alt=\"Papa-JMJ\" width=\"960\" height=\"960\" srcset=\"http:\/\/paroquiagloria.org\/v2\/wp-content\/uploads\/2019\/01\/Papa-JMJ.jpg 960w, http:\/\/paroquiagloria.org\/v2\/wp-content\/uploads\/2019\/01\/Papa-JMJ-150x150.jpg 150w, http:\/\/paroquiagloria.org\/v2\/wp-content\/uploads\/2019\/01\/Papa-JMJ-300x300.jpg 300w, http:\/\/paroquiagloria.org\/v2\/wp-content\/uploads\/2019\/01\/Papa-JMJ-185x185.jpg 185w, http:\/\/paroquiagloria.org\/v2\/wp-content\/uploads\/2019\/01\/Papa-JMJ-184x184.jpg 184w\" sizes=\"(max-width: 960px) 100vw, 960px\" \/><\/a><\/p>\n<p>&nbsp;<\/p>\n","protected":false},"excerpt":{"rendered":"<p>Um grupo de volunt\u00e1rios portugueses que vai participar na pr\u00f3xima Jornada Mundial da Juventude (JMJ), que decorre de 22 a 27 de janeiro, partiu hoje para o Panam\u00e1. Filipe Teixeira, do Patriarcado de Lisboa, manifestou \u00e0 Ag\u00eancia ECCLESIA a inten\u00e7\u00e3o de \u201ctrabalhar em prol de muitos outros\u201d que v\u00e3o participar na JMJ, algo que faz [&hellip;]<\/p>\n","protected":false},"author":1,"featured_media":7219,"comment_status":"open","ping_status":"closed","sticky":false,"template":"","format":"standard","meta":{"ngg_post_thumbnail":0},"categories":[1,4,2,6],"tags":[],"_links":{"self":[{"href":"http:\/\/paroquiagloria.org\/v2\/index.php?rest_route=\/wp\/v2\/posts\/7215"}],"collection":[{"href":"http:\/\/paroquiagloria.org\/v2\/index.php?rest_route=\/wp\/v2\/posts"}],"about":[{"href":"http:\/\/paroquiagloria.org\/v2\/index.php?rest_route=\/wp\/v2\/types\/post"}],"author":[{"embeddable":true,"href":"http:\/\/paroquiagloria.org\/v2\/index.php?rest_route=\/wp\/v2\/users\/1"}],"replies":[{"embeddable":true,"href":"http:\/\/paroquiagloria.org\/v2\/index.php?rest_route=%2Fwp%2Fv2%2Fcomments&post=7215"}],"version-history":[{"count":1,"href":"http:\/\/paroquiagloria.org\/v2\/index.php?rest_route=\/wp\/v2\/posts\/7215\/revisions"}],"predecessor-version":[{"id":7220,"href":"http:\/\/paroquiagloria.org\/v2\/index.php?rest_route=\/wp\/v2\/posts\/7215\/revisions\/7220"}],"wp:featuredmedia":[{"embeddable":true,"href":"http:\/\/paroquiagloria.org\/v2\/index.php?rest_route=\/wp\/v2\/media\/7219"}],"wp:attachment":[{"href":"http:\/\/paroquiagloria.org\/v2\/index.php?rest_route=%2Fwp%2Fv2%2Fmedia&parent=7215"}],"wp:term":[{"taxonomy":"category","embeddable":true,"href":"http:\/\/paroquiagloria.org\/v2\/index.php?rest_route=%2Fwp%2Fv2%2Fcategories&post=7215"},{"taxonomy":"post_tag","embeddable":true,"href":"http:\/\/paroquiagloria.org\/v2\/index.php?rest_route=%2Fwp%2Fv2%2Ftags&post=7215"}],"curies":[{"name":"wp","href":"https:\/\/api.w.org\/{rel}","templated":true}]}}