{"id":7209,"date":"2019-01-05T20:32:52","date_gmt":"2019-01-05T20:32:52","guid":{"rendered":"http:\/\/paroquiagloria.org\/v2\/?p=7209"},"modified":"2019-01-05T20:32:52","modified_gmt":"2019-01-05T20:32:52","slug":"esclarecimento","status":"publish","type":"post","link":"http:\/\/paroquiagloria.org\/v2\/?p=7209","title":{"rendered":"Esclarecimento"},"content":{"rendered":"<p><a href=\"http:\/\/paroquiagloria.org\/v2\/wp-content\/uploads\/2013\/10\/papa-francisco-ateus.jpg\"><img loading=\"lazy\" class=\"size-large wp-image-1609 aligncenter\" src=\"http:\/\/paroquiagloria.org\/v2\/wp-content\/uploads\/2013\/10\/papa-francisco-ateus-1024x576.jpg\" alt=\"papa-francisco-ateus\" width=\"1024\" height=\"576\" srcset=\"http:\/\/paroquiagloria.org\/v2\/wp-content\/uploads\/2013\/10\/papa-francisco-ateus-1024x576.jpg 1024w, http:\/\/paroquiagloria.org\/v2\/wp-content\/uploads\/2013\/10\/papa-francisco-ateus-300x168.jpg 300w, http:\/\/paroquiagloria.org\/v2\/wp-content\/uploads\/2013\/10\/papa-francisco-ateus.jpg 1920w\" sizes=\"(max-width: 1024px) 100vw, 1024px\" \/><\/a><\/p>\n<p>&nbsp;<\/p>\n<p>Na primeira audi\u00eancia geral de 2019, quarta-feira, 2 de janeiro, o Papa Francisco disse:<br \/>\n<em>\u201cQuantas vezes vemos o esc\u00e2ndalo criado por aquelas pessoas que v\u00e3o \u00e0 igreja e ficam l\u00e1 todo o dia, ou v\u00e3o l\u00e1 todos os dias, e depois vivem com \u00f3dio dos outros ou falando mal das pessoas. Isto \u00e9 um esc\u00e2ndalo! \u00c9 melhor n\u00e3o ir \u00e0 igreja: vive assim, como ateu. Mas, se voc\u00ea vai \u00e0 igreja, vive como filho, como irm\u00e3o, e d\u00e1 um verdadeiro testemunho, n\u00e3o um contratestemunho\u201d.<\/em><br \/>\nMas os meios de comunica\u00e7\u00e3o social, deturparam o que o Papa disse e deram a entender que o Papa disse que \u00e9 \u201cmelhor ser ateu do que ser cat\u00f3lico e falar mal dos outros\u201d.<br \/>\nO Papa Francisco n\u00e3o fez nenhuma compara\u00e7\u00e3o entre ateus e cat\u00f3licos, mas que, em ambos os comportamentos acabam por negar Deus.<\/p>\n<p>&nbsp;<\/p>\n<p><a href=\"https:\/\/www.vaticannews.va\/pt\/papa-francisco\/audiencias-papal\/2019-01\/papa-francisco-audiencia-geral-02-janeiro-2019.html#play\" target=\"_blank\">Audi\u00eancia integral<\/a><\/p>\n","protected":false},"excerpt":{"rendered":"<p>&nbsp; Na primeira audi\u00eancia geral de 2019, quarta-feira, 2 de janeiro, o Papa Francisco disse: \u201cQuantas vezes vemos o esc\u00e2ndalo criado por aquelas pessoas que v\u00e3o \u00e0 igreja e ficam l\u00e1 todo o dia, ou v\u00e3o l\u00e1 todos os dias, e depois vivem com \u00f3dio dos outros ou falando mal das pessoas. Isto \u00e9 um [&hellip;]<\/p>\n","protected":false},"author":1,"featured_media":6164,"comment_status":"open","ping_status":"closed","sticky":false,"template":"","format":"standard","meta":{"ngg_post_thumbnail":0},"categories":[1,4,2,6],"tags":[],"_links":{"self":[{"href":"http:\/\/paroquiagloria.org\/v2\/index.php?rest_route=\/wp\/v2\/posts\/7209"}],"collection":[{"href":"http:\/\/paroquiagloria.org\/v2\/index.php?rest_route=\/wp\/v2\/posts"}],"about":[{"href":"http:\/\/paroquiagloria.org\/v2\/index.php?rest_route=\/wp\/v2\/types\/post"}],"author":[{"embeddable":true,"href":"http:\/\/paroquiagloria.org\/v2\/index.php?rest_route=\/wp\/v2\/users\/1"}],"replies":[{"embeddable":true,"href":"http:\/\/paroquiagloria.org\/v2\/index.php?rest_route=%2Fwp%2Fv2%2Fcomments&post=7209"}],"version-history":[{"count":1,"href":"http:\/\/paroquiagloria.org\/v2\/index.php?rest_route=\/wp\/v2\/posts\/7209\/revisions"}],"predecessor-version":[{"id":7210,"href":"http:\/\/paroquiagloria.org\/v2\/index.php?rest_route=\/wp\/v2\/posts\/7209\/revisions\/7210"}],"wp:featuredmedia":[{"embeddable":true,"href":"http:\/\/paroquiagloria.org\/v2\/index.php?rest_route=\/wp\/v2\/media\/6164"}],"wp:attachment":[{"href":"http:\/\/paroquiagloria.org\/v2\/index.php?rest_route=%2Fwp%2Fv2%2Fmedia&parent=7209"}],"wp:term":[{"taxonomy":"category","embeddable":true,"href":"http:\/\/paroquiagloria.org\/v2\/index.php?rest_route=%2Fwp%2Fv2%2Fcategories&post=7209"},{"taxonomy":"post_tag","embeddable":true,"href":"http:\/\/paroquiagloria.org\/v2\/index.php?rest_route=%2Fwp%2Fv2%2Ftags&post=7209"}],"curies":[{"name":"wp","href":"https:\/\/api.w.org\/{rel}","templated":true}]}}