{"id":7189,"date":"2018-12-29T19:43:01","date_gmt":"2018-12-29T19:43:01","guid":{"rendered":"http:\/\/paroquiagloria.org\/v2\/?p=7189"},"modified":"2018-12-29T19:43:01","modified_gmt":"2018-12-29T19:43:01","slug":"da-mensagem-do-papa-francisco-para-o-52o-dia-mundial-da-paz","status":"publish","type":"post","link":"http:\/\/paroquiagloria.org\/v2\/?p=7189","title":{"rendered":"Da Mensagem do Papa Francisco para o 52\u00ba Dia Mundial da Paz"},"content":{"rendered":"<p><a href=\"http:\/\/paroquiagloria.org\/v2\/wp-content\/uploads\/2018\/12\/birds_peace.jpg\"><img loading=\"lazy\" class=\"size-full wp-image-7191 aligncenter\" src=\"http:\/\/paroquiagloria.org\/v2\/wp-content\/uploads\/2018\/12\/birds_peace.jpg\" alt=\"birds_peace\" width=\"960\" height=\"678\" srcset=\"http:\/\/paroquiagloria.org\/v2\/wp-content\/uploads\/2018\/12\/birds_peace.jpg 960w, http:\/\/paroquiagloria.org\/v2\/wp-content\/uploads\/2018\/12\/birds_peace-300x212.jpg 300w\" sizes=\"(max-width: 960px) 100vw, 960px\" \/><\/a><\/p>\n<p>&nbsp;<\/p>\n<p>&#8230; Com efeito, a paz \u00e9 fruto dum grande projecto pol\u00edtico, que se baseia na responsabilidade m\u00fatua e na interdepend\u00eancia dos seres humanos. Mas \u00e9 tamb\u00e9m um desafio que requer ser abra\u00e7ado dia ap\u00f3s dia. A paz \u00e9 uma convers\u00e3o do cora\u00e7\u00e3o e da alma, sendo f\u00e1cil reconhecer tr\u00eas dimens\u00f5es indissoci\u00e1veis desta paz interior e comunit\u00e1ria: a paz consigo mesmo; a paz com o outro; a paz com a cria\u00e7\u00e3o.<br \/>\nA pol\u00edtica da paz, que conhece bem as fragilidades humanas e delas se ocupa, pode sempre inspirar-se no esp\u00edrito do <em>Magnificat<\/em> que Maria, M\u00e3e de Cristo Salvador e Rainha da Paz, canta em nome de todos os homens: A \u00abmiseric\u00f3rdia [<em>do Todo-Poderoso<\/em>] estende-se de gera\u00e7\u00e3o em gera\u00e7\u00e3o sobre aqueles que O temem. Manifestou o poder do seu bra\u00e7o e dispersou os soberbos. Derrubou os poderosos de seus tronos e exaltou os humildes (\u2026), lembrado da sua miseric\u00f3rdia, como tinha prometido a nossos pais, a Abra\u00e3o e \u00e0 sua descend\u00eancia, para sempre\u00bb (<em>Lc<\/em> 1, 50-55).<\/p>\n<p>&nbsp;<\/p>\n<p><a href=\"http:\/\/www.agencia.ecclesia.pt\/portal\/mensagem-do-papa-francisco-para-o-52o-dia-mundial-da-paz\/\" target=\"_blank\">Mensagem Integral<\/a><\/p>\n<p>&nbsp;<\/p>\n","protected":false},"excerpt":{"rendered":"<p>&nbsp; &#8230; Com efeito, a paz \u00e9 fruto dum grande projecto pol\u00edtico, que se baseia na responsabilidade m\u00fatua e na interdepend\u00eancia dos seres humanos. Mas \u00e9 tamb\u00e9m um desafio que requer ser abra\u00e7ado dia ap\u00f3s dia. A paz \u00e9 uma convers\u00e3o do cora\u00e7\u00e3o e da alma, sendo f\u00e1cil reconhecer tr\u00eas dimens\u00f5es indissoci\u00e1veis desta paz interior [&hellip;]<\/p>\n","protected":false},"author":1,"featured_media":7190,"comment_status":"open","ping_status":"closed","sticky":false,"template":"","format":"standard","meta":{"ngg_post_thumbnail":0},"categories":[1,4,2,6],"tags":[],"_links":{"self":[{"href":"http:\/\/paroquiagloria.org\/v2\/index.php?rest_route=\/wp\/v2\/posts\/7189"}],"collection":[{"href":"http:\/\/paroquiagloria.org\/v2\/index.php?rest_route=\/wp\/v2\/posts"}],"about":[{"href":"http:\/\/paroquiagloria.org\/v2\/index.php?rest_route=\/wp\/v2\/types\/post"}],"author":[{"embeddable":true,"href":"http:\/\/paroquiagloria.org\/v2\/index.php?rest_route=\/wp\/v2\/users\/1"}],"replies":[{"embeddable":true,"href":"http:\/\/paroquiagloria.org\/v2\/index.php?rest_route=%2Fwp%2Fv2%2Fcomments&post=7189"}],"version-history":[{"count":1,"href":"http:\/\/paroquiagloria.org\/v2\/index.php?rest_route=\/wp\/v2\/posts\/7189\/revisions"}],"predecessor-version":[{"id":7192,"href":"http:\/\/paroquiagloria.org\/v2\/index.php?rest_route=\/wp\/v2\/posts\/7189\/revisions\/7192"}],"wp:featuredmedia":[{"embeddable":true,"href":"http:\/\/paroquiagloria.org\/v2\/index.php?rest_route=\/wp\/v2\/media\/7190"}],"wp:attachment":[{"href":"http:\/\/paroquiagloria.org\/v2\/index.php?rest_route=%2Fwp%2Fv2%2Fmedia&parent=7189"}],"wp:term":[{"taxonomy":"category","embeddable":true,"href":"http:\/\/paroquiagloria.org\/v2\/index.php?rest_route=%2Fwp%2Fv2%2Fcategories&post=7189"},{"taxonomy":"post_tag","embeddable":true,"href":"http:\/\/paroquiagloria.org\/v2\/index.php?rest_route=%2Fwp%2Fv2%2Ftags&post=7189"}],"curies":[{"name":"wp","href":"https:\/\/api.w.org\/{rel}","templated":true}]}}