{"id":7160,"date":"2018-12-15T19:18:25","date_gmt":"2018-12-15T19:18:25","guid":{"rendered":"http:\/\/paroquiagloria.org\/v2\/?p=7160"},"modified":"2018-12-15T19:23:29","modified_gmt":"2018-12-15T19:23:29","slug":"que-devemos-fazer","status":"publish","type":"post","link":"http:\/\/paroquiagloria.org\/v2\/?p=7160","title":{"rendered":"&#8220;Que devemos fazer&#8221; ?"},"content":{"rendered":"<p><a href=\"http:\/\/paroquiagloria.org\/v2\/wp-content\/uploads\/2018\/12\/3da_C.jpg\"><img loading=\"lazy\" class=\"size-full wp-image-7151 aligncenter\" src=\"http:\/\/paroquiagloria.org\/v2\/wp-content\/uploads\/2018\/12\/3da_C.jpg\" alt=\"3da_C\" width=\"999\" height=\"1000\" srcset=\"http:\/\/paroquiagloria.org\/v2\/wp-content\/uploads\/2018\/12\/3da_C.jpg 999w, http:\/\/paroquiagloria.org\/v2\/wp-content\/uploads\/2018\/12\/3da_C-150x150.jpg 150w, http:\/\/paroquiagloria.org\/v2\/wp-content\/uploads\/2018\/12\/3da_C-300x300.jpg 300w, http:\/\/paroquiagloria.org\/v2\/wp-content\/uploads\/2018\/12\/3da_C-185x185.jpg 185w, http:\/\/paroquiagloria.org\/v2\/wp-content\/uploads\/2018\/12\/3da_C-184x184.jpg 184w\" sizes=\"(max-width: 999px) 100vw, 999px\" \/><\/a><\/p>\n<p>&nbsp;<\/p>\n<p style=\"text-align: justify;\">Estamos na 3\u00aa semana do Advento, com Jo\u00e3o Baptista a dizer-nos claramente que o seu tempo est\u00e1 a esgotar-se e que vive preparado para saborear, no sil\u00eancio e na sombra, a alegria de ser voz de Boas Novas, voz inc\u00f3moda e nunca rendida, apesar do &#8220;deserto&#8221;. <em>&#8220;Est\u00e1 a chegar quem \u00e9 mais forte do que eu, e eu n\u00e3o sou digno de desatar as correias das suas sand\u00e1lias&#8221;<\/em>, avisa, face \u00e0s d\u00favidas e expectativas do povo.<br \/>\nEntretanto, \u00e9 um corrupio de gente inquieta, que acorre ao deserto, \u00e0 espera de uma palavra iluminadora. Entre os an\u00f3nimos, h\u00e1 gente rica, soldados, publicanos e cobradores de impostos, a perguntar tamb\u00e9m: &#8220;Que devemos fazer?&#8221;<br \/>\nA uns lembra que n\u00e3o \u00e9 grande quem tem mais poder ou dinheiro, um guarda roupa variado e de luxo ou celeiros bem fartos, mas o que aprende na escola do amor a conjugar generosamente o verbo dar.<br \/>\nA outros, que fazem jus \u00e0 sua posi\u00e7\u00e3o social e aos seus pergaminhos, acertadamente Jo\u00e3o lembra que o caminho para Deus n\u00e3o \u00e9 quest\u00e3o de ret\u00f3rica, mas de humildade, apenas percorrido por quem sabe apagar-se no momento oportuno, sem constrangimentos nem ressentimentos.<br \/>\nAqui est\u00e1 Jo\u00e3o Baptista, o Profeta que n\u00e3o d\u00e1 receitas a gosto, mas, sem apontar caminhos \u00fanicos, continua a dirigir a cada um a palavra s\u00e1bia, para vivermos com redobrada alegria estes poucos dias que antecedem o Natal.<br \/>\nTodos baptizados, todos profetas, e enquanto nos preparamos para &#8220;as Novidades&#8221; anunciadas por Deus, ocupemos o &#8220;advento&#8221; a tornar o nosso pequeno mundo mais fraterno, justo e feliz. Para isso n\u00e3o s\u00e3o precisos discursos. Basta ( tantas vezes!) um sorriso, uma sauda\u00e7\u00e3o, um abra\u00e7o, um pedido de desculpa&#8230;<br \/>\n\u00c9 uma verdadeira arte p\u00f4r amor nas coisas pequenas de todos os dias!<\/p>\n<p style=\"text-align: right;\">P. Fausto<\/p>\n<p style=\"text-align: right;\"><em>in<\/em> Di\u00e1logo 1635 (III Domingo do Advento &#8211; Ano C)<\/p>\n","protected":false},"excerpt":{"rendered":"<p>&nbsp; Estamos na 3\u00aa semana do Advento, com Jo\u00e3o Baptista a dizer-nos claramente que o seu tempo est\u00e1 a esgotar-se e que vive preparado para saborear, no sil\u00eancio e na sombra, a alegria de ser voz de Boas Novas, voz inc\u00f3moda e nunca rendida, apesar do &#8220;deserto&#8221;. &#8220;Est\u00e1 a chegar quem \u00e9 mais forte do [&hellip;]<\/p>\n","protected":false},"author":1,"featured_media":7161,"comment_status":"open","ping_status":"closed","sticky":false,"template":"","format":"standard","meta":{"ngg_post_thumbnail":0},"categories":[1,4,2,6,17],"tags":[],"_links":{"self":[{"href":"http:\/\/paroquiagloria.org\/v2\/index.php?rest_route=\/wp\/v2\/posts\/7160"}],"collection":[{"href":"http:\/\/paroquiagloria.org\/v2\/index.php?rest_route=\/wp\/v2\/posts"}],"about":[{"href":"http:\/\/paroquiagloria.org\/v2\/index.php?rest_route=\/wp\/v2\/types\/post"}],"author":[{"embeddable":true,"href":"http:\/\/paroquiagloria.org\/v2\/index.php?rest_route=\/wp\/v2\/users\/1"}],"replies":[{"embeddable":true,"href":"http:\/\/paroquiagloria.org\/v2\/index.php?rest_route=%2Fwp%2Fv2%2Fcomments&post=7160"}],"version-history":[{"count":2,"href":"http:\/\/paroquiagloria.org\/v2\/index.php?rest_route=\/wp\/v2\/posts\/7160\/revisions"}],"predecessor-version":[{"id":7166,"href":"http:\/\/paroquiagloria.org\/v2\/index.php?rest_route=\/wp\/v2\/posts\/7160\/revisions\/7166"}],"wp:featuredmedia":[{"embeddable":true,"href":"http:\/\/paroquiagloria.org\/v2\/index.php?rest_route=\/wp\/v2\/media\/7161"}],"wp:attachment":[{"href":"http:\/\/paroquiagloria.org\/v2\/index.php?rest_route=%2Fwp%2Fv2%2Fmedia&parent=7160"}],"wp:term":[{"taxonomy":"category","embeddable":true,"href":"http:\/\/paroquiagloria.org\/v2\/index.php?rest_route=%2Fwp%2Fv2%2Fcategories&post=7160"},{"taxonomy":"post_tag","embeddable":true,"href":"http:\/\/paroquiagloria.org\/v2\/index.php?rest_route=%2Fwp%2Fv2%2Ftags&post=7160"}],"curies":[{"name":"wp","href":"https:\/\/api.w.org\/{rel}","templated":true}]}}