{"id":7156,"date":"2018-12-15T17:35:15","date_gmt":"2018-12-15T17:35:15","guid":{"rendered":"http:\/\/paroquiagloria.org\/v2\/?p=7156"},"modified":"2018-12-15T17:35:15","modified_gmt":"2018-12-15T17:35:15","slug":"bencao-das-gravidas-2","status":"publish","type":"post","link":"http:\/\/paroquiagloria.org\/v2\/?p=7156","title":{"rendered":"Ben\u00e7\u00e3o das gr\u00e1vidas"},"content":{"rendered":"<p><a href=\"http:\/\/paroquiagloria.org\/v2\/wp-content\/uploads\/2018\/11\/banner_gravidas_bencao.jpg\"><img loading=\"lazy\" class=\"size-full wp-image-7062 aligncenter\" src=\"http:\/\/paroquiagloria.org\/v2\/wp-content\/uploads\/2018\/11\/banner_gravidas_bencao.jpg\" alt=\"banner_gravidas_bencao\" width=\"960\" height=\"450\" srcset=\"http:\/\/paroquiagloria.org\/v2\/wp-content\/uploads\/2018\/11\/banner_gravidas_bencao.jpg 960w, http:\/\/paroquiagloria.org\/v2\/wp-content\/uploads\/2018\/11\/banner_gravidas_bencao-300x141.jpg 300w\" sizes=\"(max-width: 960px) 100vw, 960px\" \/><\/a><\/p>\n<p>&nbsp;<\/p>\n<p>Apesar de amplamente anunciada, esta celebra\u00e7\u00e3o n\u00e3o provocou, at\u00e9 \u00e0 data, em nenhum Casal, mesmo n\u00e3o residente, vontade de participar e agradecer o Dom de um Filho, cujo nascimento aguardam.<br \/>\nTal circunst\u00e2ncia, a acontecer at\u00e9 \u00e0 pr\u00f3xima quinta-feira, adiar\u00e1 a referida celebra\u00e7\u00e3o de B\u00ean\u00e7\u00e3o para ano.<\/p>\n","protected":false},"excerpt":{"rendered":"<p>&nbsp; Apesar de amplamente anunciada, esta celebra\u00e7\u00e3o n\u00e3o provocou, at\u00e9 \u00e0 data, em nenhum Casal, mesmo n\u00e3o residente, vontade de participar e agradecer o Dom de um Filho, cujo nascimento aguardam. Tal circunst\u00e2ncia, a acontecer at\u00e9 \u00e0 pr\u00f3xima quinta-feira, adiar\u00e1 a referida celebra\u00e7\u00e3o de B\u00ean\u00e7\u00e3o para ano.<\/p>\n","protected":false},"author":1,"featured_media":7062,"comment_status":"open","ping_status":"closed","sticky":false,"template":"","format":"standard","meta":{"ngg_post_thumbnail":0},"categories":[1,4,2,6],"tags":[],"_links":{"self":[{"href":"http:\/\/paroquiagloria.org\/v2\/index.php?rest_route=\/wp\/v2\/posts\/7156"}],"collection":[{"href":"http:\/\/paroquiagloria.org\/v2\/index.php?rest_route=\/wp\/v2\/posts"}],"about":[{"href":"http:\/\/paroquiagloria.org\/v2\/index.php?rest_route=\/wp\/v2\/types\/post"}],"author":[{"embeddable":true,"href":"http:\/\/paroquiagloria.org\/v2\/index.php?rest_route=\/wp\/v2\/users\/1"}],"replies":[{"embeddable":true,"href":"http:\/\/paroquiagloria.org\/v2\/index.php?rest_route=%2Fwp%2Fv2%2Fcomments&post=7156"}],"version-history":[{"count":1,"href":"http:\/\/paroquiagloria.org\/v2\/index.php?rest_route=\/wp\/v2\/posts\/7156\/revisions"}],"predecessor-version":[{"id":7157,"href":"http:\/\/paroquiagloria.org\/v2\/index.php?rest_route=\/wp\/v2\/posts\/7156\/revisions\/7157"}],"wp:featuredmedia":[{"embeddable":true,"href":"http:\/\/paroquiagloria.org\/v2\/index.php?rest_route=\/wp\/v2\/media\/7062"}],"wp:attachment":[{"href":"http:\/\/paroquiagloria.org\/v2\/index.php?rest_route=%2Fwp%2Fv2%2Fmedia&parent=7156"}],"wp:term":[{"taxonomy":"category","embeddable":true,"href":"http:\/\/paroquiagloria.org\/v2\/index.php?rest_route=%2Fwp%2Fv2%2Fcategories&post=7156"},{"taxonomy":"post_tag","embeddable":true,"href":"http:\/\/paroquiagloria.org\/v2\/index.php?rest_route=%2Fwp%2Fv2%2Ftags&post=7156"}],"curies":[{"name":"wp","href":"https:\/\/api.w.org\/{rel}","templated":true}]}}