{"id":7149,"date":"2018-12-15T17:32:54","date_gmt":"2018-12-15T17:32:54","guid":{"rendered":"http:\/\/paroquiagloria.org\/v2\/?p=7149"},"modified":"2018-12-15T17:32:54","modified_gmt":"2018-12-15T17:32:54","slug":"programa-pastoral-chamados-a-santidade-ii","status":"publish","type":"post","link":"http:\/\/paroquiagloria.org\/v2\/?p=7149","title":{"rendered":"Programa Pastoral: Chamados \u00e0 Santidade (II)"},"content":{"rendered":"<p><a href=\"http:\/\/paroquiagloria.org\/v2\/wp-content\/uploads\/2018\/12\/banner-_trienio.jpg\"><img loading=\"lazy\" class=\"size-full wp-image-7150 aligncenter\" src=\"http:\/\/paroquiagloria.org\/v2\/wp-content\/uploads\/2018\/12\/banner-_trienio.jpg\" alt=\"banner-_trienio\" width=\"960\" height=\"340\" srcset=\"http:\/\/paroquiagloria.org\/v2\/wp-content\/uploads\/2018\/12\/banner-_trienio.jpg 960w, http:\/\/paroquiagloria.org\/v2\/wp-content\/uploads\/2018\/12\/banner-_trienio-300x106.jpg 300w\" sizes=\"(max-width: 960px) 100vw, 960px\" \/><\/a><\/p>\n<p>&nbsp;<\/p>\n<p style=\"text-align: justify;\">Em linguagem muito clara e acess\u00edvel, o Papa Francisco enriqueceu o Magist\u00e9rio da Igreja com a Exorta\u00e7\u00e3o Apost\u00f3lica &#8220;<em>Gaudete et Exsultate<\/em>&#8220;, que devemos ter, especialmente este ano, como texto precioso de reflex\u00e3o e estudo.<br \/>\nAssim, segundo o Papa Francisco, para o crist\u00e3o, n\u00e3o \u00e9 poss\u00edvel imaginar a pr\u00f3pria miss\u00e3o na terra, sem a conceber como um caminho de santidade, porque &#8220;esta \u00e9, na verdade, a vontade de Deus: a (nossa) santifica\u00e7\u00e3o&#8221; (I <em>Tes<\/em>. 4,3).<br \/>\nE continua no n\u00b0 14 da mesma Exorta\u00e7\u00e3o Apost\u00f3lica : <em>&#8220;Todos somos chamados a ser santos, vivendo com amor e oferecendo o pr\u00f3prio testemunho nas ocupa\u00e7\u00f5es de cada dia, onde cada um se encontra.&#8221;<\/em><br \/>\nA esta luz vemos que a santidade, n\u00e3o dependendo do estado de vida, fun\u00e7\u00e3o religiosa, profissional ou qualquer outra, apenas exige que deixemos que tudo na nossa vida quotidiana esteja aberto a Deus, para que a gra\u00e7a do Baptismo frutifique em boas obras, isto \u00e9, em caminho de santidade.<br \/>\nF\u00e1cil \u00e9 reconhecer, por\u00e9m, que a maioria dos baptizados n\u00e3o sabe a data do Baptismo, n\u00e3o tem consci\u00eancia da sua riqueza, nem vive a sua dignidade de Filhos de Deus. H\u00e1, pois, que fazer um esfor\u00e7o, redobrado e permanente, para que os Paroquianos, residentes ou n\u00e3o na \u00e1rea da Par\u00f3quia, vivam mais como baptizados e n\u00e3o tanto como registados nos livros paroquiais.<\/p>\n","protected":false},"excerpt":{"rendered":"<p>&nbsp; Em linguagem muito clara e acess\u00edvel, o Papa Francisco enriqueceu o Magist\u00e9rio da Igreja com a Exorta\u00e7\u00e3o Apost\u00f3lica &#8220;Gaudete et Exsultate&#8220;, que devemos ter, especialmente este ano, como texto precioso de reflex\u00e3o e estudo. Assim, segundo o Papa Francisco, para o crist\u00e3o, n\u00e3o \u00e9 poss\u00edvel imaginar a pr\u00f3pria miss\u00e3o na terra, sem a conceber [&hellip;]<\/p>\n","protected":false},"author":1,"featured_media":7152,"comment_status":"open","ping_status":"closed","sticky":false,"template":"","format":"standard","meta":{"ngg_post_thumbnail":0},"categories":[1,4,2,6,21],"tags":[],"_links":{"self":[{"href":"http:\/\/paroquiagloria.org\/v2\/index.php?rest_route=\/wp\/v2\/posts\/7149"}],"collection":[{"href":"http:\/\/paroquiagloria.org\/v2\/index.php?rest_route=\/wp\/v2\/posts"}],"about":[{"href":"http:\/\/paroquiagloria.org\/v2\/index.php?rest_route=\/wp\/v2\/types\/post"}],"author":[{"embeddable":true,"href":"http:\/\/paroquiagloria.org\/v2\/index.php?rest_route=\/wp\/v2\/users\/1"}],"replies":[{"embeddable":true,"href":"http:\/\/paroquiagloria.org\/v2\/index.php?rest_route=%2Fwp%2Fv2%2Fcomments&post=7149"}],"version-history":[{"count":1,"href":"http:\/\/paroquiagloria.org\/v2\/index.php?rest_route=\/wp\/v2\/posts\/7149\/revisions"}],"predecessor-version":[{"id":7153,"href":"http:\/\/paroquiagloria.org\/v2\/index.php?rest_route=\/wp\/v2\/posts\/7149\/revisions\/7153"}],"wp:featuredmedia":[{"embeddable":true,"href":"http:\/\/paroquiagloria.org\/v2\/index.php?rest_route=\/wp\/v2\/media\/7152"}],"wp:attachment":[{"href":"http:\/\/paroquiagloria.org\/v2\/index.php?rest_route=%2Fwp%2Fv2%2Fmedia&parent=7149"}],"wp:term":[{"taxonomy":"category","embeddable":true,"href":"http:\/\/paroquiagloria.org\/v2\/index.php?rest_route=%2Fwp%2Fv2%2Fcategories&post=7149"},{"taxonomy":"post_tag","embeddable":true,"href":"http:\/\/paroquiagloria.org\/v2\/index.php?rest_route=%2Fwp%2Fv2%2Ftags&post=7149"}],"curies":[{"name":"wp","href":"https:\/\/api.w.org\/{rel}","templated":true}]}}