{"id":7143,"date":"2018-12-15T17:25:47","date_gmt":"2018-12-15T17:25:47","guid":{"rendered":"http:\/\/paroquiagloria.org\/v2\/?p=7143"},"modified":"2018-12-15T17:25:55","modified_gmt":"2018-12-15T17:25:55","slug":"felizes-os-que-choram-porque-serao-consolados","status":"publish","type":"post","link":"http:\/\/paroquiagloria.org\/v2\/?p=7143","title":{"rendered":"Felizes os que choram porque ser\u00e3o consolados"},"content":{"rendered":"<p><a href=\"http:\/\/paroquiagloria.org\/v2\/wp-content\/uploads\/2018\/12\/banner-_retiro.jpg\"><img loading=\"lazy\" class=\"size-full wp-image-7144 aligncenter\" src=\"http:\/\/paroquiagloria.org\/v2\/wp-content\/uploads\/2018\/12\/banner-_retiro.jpg\" alt=\"banner-_retiro\" width=\"960\" height=\"340\" srcset=\"http:\/\/paroquiagloria.org\/v2\/wp-content\/uploads\/2018\/12\/banner-_retiro.jpg 960w, http:\/\/paroquiagloria.org\/v2\/wp-content\/uploads\/2018\/12\/banner-_retiro-300x106.jpg 300w\" sizes=\"(max-width: 960px) 100vw, 960px\" \/><\/a><\/p>\n<p>&nbsp;<\/p>\n<p style=\"text-align: justify;\">O mundo n\u00e3o quer chorar: prefere ignorar as situa\u00e7\u00f5es dolorosas, cobri-las, escond\u00ea-las.<br \/>\nA pessoa que, vendo as coisas como realmente est\u00e3o, se deixa trespassar pela afli\u00e7\u00e3o e chora no seu cora\u00e7\u00e3o, \u00e9 capaz de alcan\u00e7ar as profundezas da vida e ser autenticamente feliz. Esta pessoa \u00e9 consolada, mas com a consola\u00e7\u00e3o de Jesus e n\u00e3o com a do mundo. Assim pode ter a coragem de compartilhar o sofrimento alheio, e deixa de fugir das situa\u00e7\u00f5es dolorosas. Desta forma, descobre que a vida tem sentido socorrendo o outro na sua afli\u00e7\u00e3o, compreendendo a ang\u00fastia alheia, aliviando os outros.<br \/>\nSaber chorar com os outros: isto \u00e9 santidade.<\/p>\n","protected":false},"excerpt":{"rendered":"<p>&nbsp; O mundo n\u00e3o quer chorar: prefere ignorar as situa\u00e7\u00f5es dolorosas, cobri-las, escond\u00ea-las. A pessoa que, vendo as coisas como realmente est\u00e3o, se deixa trespassar pela afli\u00e7\u00e3o e chora no seu cora\u00e7\u00e3o, \u00e9 capaz de alcan\u00e7ar as profundezas da vida e ser autenticamente feliz. Esta pessoa \u00e9 consolada, mas com a consola\u00e7\u00e3o de Jesus e [&hellip;]<\/p>\n","protected":false},"author":1,"featured_media":7147,"comment_status":"open","ping_status":"closed","sticky":false,"template":"","format":"standard","meta":{"ngg_post_thumbnail":0},"categories":[1,4,2,6,21],"tags":[],"_links":{"self":[{"href":"http:\/\/paroquiagloria.org\/v2\/index.php?rest_route=\/wp\/v2\/posts\/7143"}],"collection":[{"href":"http:\/\/paroquiagloria.org\/v2\/index.php?rest_route=\/wp\/v2\/posts"}],"about":[{"href":"http:\/\/paroquiagloria.org\/v2\/index.php?rest_route=\/wp\/v2\/types\/post"}],"author":[{"embeddable":true,"href":"http:\/\/paroquiagloria.org\/v2\/index.php?rest_route=\/wp\/v2\/users\/1"}],"replies":[{"embeddable":true,"href":"http:\/\/paroquiagloria.org\/v2\/index.php?rest_route=%2Fwp%2Fv2%2Fcomments&post=7143"}],"version-history":[{"count":1,"href":"http:\/\/paroquiagloria.org\/v2\/index.php?rest_route=\/wp\/v2\/posts\/7143\/revisions"}],"predecessor-version":[{"id":7148,"href":"http:\/\/paroquiagloria.org\/v2\/index.php?rest_route=\/wp\/v2\/posts\/7143\/revisions\/7148"}],"wp:featuredmedia":[{"embeddable":true,"href":"http:\/\/paroquiagloria.org\/v2\/index.php?rest_route=\/wp\/v2\/media\/7147"}],"wp:attachment":[{"href":"http:\/\/paroquiagloria.org\/v2\/index.php?rest_route=%2Fwp%2Fv2%2Fmedia&parent=7143"}],"wp:term":[{"taxonomy":"category","embeddable":true,"href":"http:\/\/paroquiagloria.org\/v2\/index.php?rest_route=%2Fwp%2Fv2%2Fcategories&post=7143"},{"taxonomy":"post_tag","embeddable":true,"href":"http:\/\/paroquiagloria.org\/v2\/index.php?rest_route=%2Fwp%2Fv2%2Ftags&post=7143"}],"curies":[{"name":"wp","href":"https:\/\/api.w.org\/{rel}","templated":true}]}}