{"id":7139,"date":"2018-12-08T17:33:21","date_gmt":"2018-12-08T17:33:21","guid":{"rendered":"http:\/\/paroquiagloria.org\/v2\/?p=7139"},"modified":"2018-12-08T17:33:21","modified_gmt":"2018-12-08T17:33:21","slug":"todos-profetas","status":"publish","type":"post","link":"http:\/\/paroquiagloria.org\/v2\/?p=7139","title":{"rendered":"Todos Profetas ?"},"content":{"rendered":"<p><a href=\"http:\/\/paroquiagloria.org\/v2\/wp-content\/uploads\/2018\/12\/2da_C.jpg\"><img loading=\"lazy\" class=\"size-full wp-image-7129 aligncenter\" src=\"http:\/\/paroquiagloria.org\/v2\/wp-content\/uploads\/2018\/12\/2da_C.jpg\" alt=\"2da_C\" width=\"1000\" height=\"997\" srcset=\"http:\/\/paroquiagloria.org\/v2\/wp-content\/uploads\/2018\/12\/2da_C.jpg 1000w, http:\/\/paroquiagloria.org\/v2\/wp-content\/uploads\/2018\/12\/2da_C-150x150.jpg 150w, http:\/\/paroquiagloria.org\/v2\/wp-content\/uploads\/2018\/12\/2da_C-300x300.jpg 300w, http:\/\/paroquiagloria.org\/v2\/wp-content\/uploads\/2018\/12\/2da_C-185x185.jpg 185w, http:\/\/paroquiagloria.org\/v2\/wp-content\/uploads\/2018\/12\/2da_C-184x184.jpg 184w\" sizes=\"(max-width: 1000px) 100vw, 1000px\" \/><\/a><\/p>\n<p>&nbsp;<\/p>\n<p style=\"text-align: justify;\">Deus n\u00e3o sofre de stress, n\u00e3o tem pressas, nem esgota a paci\u00eancia com a humanidade, apesar das nossas hist\u00f3rias desencontradas, desvios, pervers\u00f5es e at\u00e9 esc\u00e2ndalos. Por isso, em todos os tempos, houve quem, mesmo neste &#8220;deserto&#8221;, fosse voz da Boa Nova da Salva\u00e7\u00e3o de Deus.<br \/>\nAssim aconteceu com Jo\u00e3o Baptista, que n\u00e3o se cansava de dizer: &#8220;Preparai o caminho do Senhor, endireitai as suas veredas, aplanai os obst\u00e1culos&#8230;&#8221; ou, bem perto de n\u00f3s, com o Papa Paulo VI, quando discursava na sede das Na\u00e7\u00f5es Unidas, em 1965, dizia \u00e0 humanidade: &#8220;Nunca mais a guerra! Nunca mais a guerra! Se v\u00f3s quereis ser irm\u00e3os, deixai cair as armas das vossas m\u00e3os&#8230;&#8221;<br \/>\nMas n\u00e3o s\u00f3 enviou Deus a estes a Sua Palavra e os constituiu profetas, no seu tempo. Tamb\u00e9m a n\u00f3s Deus escolheu e tornou profetas pelo Baptismo. Ainda que a nossa voz n\u00e3o ecoe t\u00e3o longe ou n\u00e3o seja por todos escutada, nenhum baptizado se pode, por\u00e9m, dispensar de ser, no ambiente em que vive e no espa\u00e7o que ocupa, pela profiss\u00e3o que exerce ou servi\u00e7o que presta, voz e presen\u00e7a deste Reino, que se realiza na hist\u00f3ria e caminha para a plenitude, atingindo em Cristo o seu cume.<br \/>\nA II semana do Advento merece um redobrado esfor\u00e7o para aplanarmos caminhos tantas vezes retorcidos da nossa vida e construirmos mais pontes consolidadas no di\u00e1logo, na solidariedade, no perd\u00e3o e na paz&#8230; e assim, mais livres, sem m\u00e1scaras e sem medos, seja a nossa mensagem cada vez mais cristalina e cred\u00edvel.<\/p>\n<p style=\"text-align: right;\">\nP. Fausto<\/p>\n<p style=\"text-align: right;\"><em>in<\/em> Di\u00e1logo 1634 (II Domingo do Advento &#8211; Ano C)<\/p>\n","protected":false},"excerpt":{"rendered":"<p>&nbsp; Deus n\u00e3o sofre de stress, n\u00e3o tem pressas, nem esgota a paci\u00eancia com a humanidade, apesar das nossas hist\u00f3rias desencontradas, desvios, pervers\u00f5es e at\u00e9 esc\u00e2ndalos. Por isso, em todos os tempos, houve quem, mesmo neste &#8220;deserto&#8221;, fosse voz da Boa Nova da Salva\u00e7\u00e3o de Deus. Assim aconteceu com Jo\u00e3o Baptista, que n\u00e3o se cansava [&hellip;]<\/p>\n","protected":false},"author":1,"featured_media":7130,"comment_status":"open","ping_status":"closed","sticky":false,"template":"","format":"standard","meta":{"ngg_post_thumbnail":0},"categories":[1,4,2,6,17],"tags":[],"_links":{"self":[{"href":"http:\/\/paroquiagloria.org\/v2\/index.php?rest_route=\/wp\/v2\/posts\/7139"}],"collection":[{"href":"http:\/\/paroquiagloria.org\/v2\/index.php?rest_route=\/wp\/v2\/posts"}],"about":[{"href":"http:\/\/paroquiagloria.org\/v2\/index.php?rest_route=\/wp\/v2\/types\/post"}],"author":[{"embeddable":true,"href":"http:\/\/paroquiagloria.org\/v2\/index.php?rest_route=\/wp\/v2\/users\/1"}],"replies":[{"embeddable":true,"href":"http:\/\/paroquiagloria.org\/v2\/index.php?rest_route=%2Fwp%2Fv2%2Fcomments&post=7139"}],"version-history":[{"count":1,"href":"http:\/\/paroquiagloria.org\/v2\/index.php?rest_route=\/wp\/v2\/posts\/7139\/revisions"}],"predecessor-version":[{"id":7140,"href":"http:\/\/paroquiagloria.org\/v2\/index.php?rest_route=\/wp\/v2\/posts\/7139\/revisions\/7140"}],"wp:featuredmedia":[{"embeddable":true,"href":"http:\/\/paroquiagloria.org\/v2\/index.php?rest_route=\/wp\/v2\/media\/7130"}],"wp:attachment":[{"href":"http:\/\/paroquiagloria.org\/v2\/index.php?rest_route=%2Fwp%2Fv2%2Fmedia&parent=7139"}],"wp:term":[{"taxonomy":"category","embeddable":true,"href":"http:\/\/paroquiagloria.org\/v2\/index.php?rest_route=%2Fwp%2Fv2%2Fcategories&post=7139"},{"taxonomy":"post_tag","embeddable":true,"href":"http:\/\/paroquiagloria.org\/v2\/index.php?rest_route=%2Fwp%2Fv2%2Ftags&post=7139"}],"curies":[{"name":"wp","href":"https:\/\/api.w.org\/{rel}","templated":true}]}}