{"id":7134,"date":"2018-12-08T17:30:16","date_gmt":"2018-12-08T17:30:16","guid":{"rendered":"http:\/\/paroquiagloria.org\/v2\/?p=7134"},"modified":"2018-12-08T17:30:16","modified_gmt":"2018-12-08T17:30:16","slug":"programa-pastoral-chamados-a-santidade-i","status":"publish","type":"post","link":"http:\/\/paroquiagloria.org\/v2\/?p=7134","title":{"rendered":"Programa Pastoral: Chamados \u00e0 Santidade (I)"},"content":{"rendered":"<p>&nbsp;<\/p>\n<p><a href=\"http:\/\/paroquiagloria.org\/v2\/wp-content\/uploads\/2016\/04\/paroquia.jpg\"><img loading=\"lazy\" class=\"size-full wp-image-4310 aligncenter\" src=\"http:\/\/paroquiagloria.org\/v2\/wp-content\/uploads\/2016\/04\/paroquia.jpg\" alt=\"paroquia\" width=\"960\" height=\"450\" srcset=\"http:\/\/paroquiagloria.org\/v2\/wp-content\/uploads\/2016\/04\/paroquia.jpg 960w, http:\/\/paroquiagloria.org\/v2\/wp-content\/uploads\/2016\/04\/paroquia-300x141.jpg 300w\" sizes=\"(max-width: 960px) 100vw, 960px\" \/><\/a><\/p>\n<p>A Par\u00f3quia de Nossa Senhora da Gl\u00f3ria \u00e9 constitu\u00edda maioritariamente por pessoas baptizadas.<br \/>\nAinda hoje, apesar das motiva\u00e7\u00f5es profundas do pedido de Baptismo n\u00e3o serem as mesmas do passado, os pais pedem genericamente o Baptismo para os filhos, embora cada vez mais o adiem para a idade de catequese. Contudo, tal pedido \u00e9 em grande medida resultante da for\u00e7a e estabilidade da matriz cultural religiosa de que ainda est\u00e1 impregnada a sociedade em Portugal, especialmente o centro e norte, de que a regi\u00e3o da Diocese de Aveiro faz parte.<br \/>\nA Par\u00f3quia da Gl\u00f3ria, respirando tamb\u00e9m esta matriz, apesar da fixa\u00e7\u00e3o em Aveiro de muitos casais jovens e cultos, oriundos de v\u00e1rios contextos s\u00f3cio &#8211; religiosos, n\u00e3o pode deixar de considerar as grandes linhas do programa da Igreja Diocesana para o presente ano apost\u00f3lico, assumindo, desde j\u00e1, tamb\u00e9m como sua, a preocupa\u00e7\u00e3o de fazer &#8221; ressoar com alegria&#8221; o chamamento \u00e0 santidade, que Deus faz a todo o Baptizado.<\/p>\n","protected":false},"excerpt":{"rendered":"<p>&nbsp; A Par\u00f3quia de Nossa Senhora da Gl\u00f3ria \u00e9 constitu\u00edda maioritariamente por pessoas baptizadas. Ainda hoje, apesar das motiva\u00e7\u00f5es profundas do pedido de Baptismo n\u00e3o serem as mesmas do passado, os pais pedem genericamente o Baptismo para os filhos, embora cada vez mais o adiem para a idade de catequese. Contudo, tal pedido \u00e9 em [&hellip;]<\/p>\n","protected":false},"author":1,"featured_media":4310,"comment_status":"open","ping_status":"closed","sticky":false,"template":"","format":"standard","meta":{"ngg_post_thumbnail":0},"categories":[1,4,2,6,21],"tags":[],"_links":{"self":[{"href":"http:\/\/paroquiagloria.org\/v2\/index.php?rest_route=\/wp\/v2\/posts\/7134"}],"collection":[{"href":"http:\/\/paroquiagloria.org\/v2\/index.php?rest_route=\/wp\/v2\/posts"}],"about":[{"href":"http:\/\/paroquiagloria.org\/v2\/index.php?rest_route=\/wp\/v2\/types\/post"}],"author":[{"embeddable":true,"href":"http:\/\/paroquiagloria.org\/v2\/index.php?rest_route=\/wp\/v2\/users\/1"}],"replies":[{"embeddable":true,"href":"http:\/\/paroquiagloria.org\/v2\/index.php?rest_route=%2Fwp%2Fv2%2Fcomments&post=7134"}],"version-history":[{"count":1,"href":"http:\/\/paroquiagloria.org\/v2\/index.php?rest_route=\/wp\/v2\/posts\/7134\/revisions"}],"predecessor-version":[{"id":7135,"href":"http:\/\/paroquiagloria.org\/v2\/index.php?rest_route=\/wp\/v2\/posts\/7134\/revisions\/7135"}],"wp:featuredmedia":[{"embeddable":true,"href":"http:\/\/paroquiagloria.org\/v2\/index.php?rest_route=\/wp\/v2\/media\/4310"}],"wp:attachment":[{"href":"http:\/\/paroquiagloria.org\/v2\/index.php?rest_route=%2Fwp%2Fv2%2Fmedia&parent=7134"}],"wp:term":[{"taxonomy":"category","embeddable":true,"href":"http:\/\/paroquiagloria.org\/v2\/index.php?rest_route=%2Fwp%2Fv2%2Fcategories&post=7134"},{"taxonomy":"post_tag","embeddable":true,"href":"http:\/\/paroquiagloria.org\/v2\/index.php?rest_route=%2Fwp%2Fv2%2Ftags&post=7134"}],"curies":[{"name":"wp","href":"https:\/\/api.w.org\/{rel}","templated":true}]}}