{"id":7128,"date":"2018-12-08T17:28:58","date_gmt":"2018-12-08T17:28:58","guid":{"rendered":"http:\/\/paroquiagloria.org\/v2\/?p=7128"},"modified":"2018-12-08T17:28:58","modified_gmt":"2018-12-08T17:28:58","slug":"convivio-fraterno-2","status":"publish","type":"post","link":"http:\/\/paroquiagloria.org\/v2\/?p=7128","title":{"rendered":"Conv\u00edvio Fraterno"},"content":{"rendered":"<p><a href=\"http:\/\/paroquiagloria.org\/v2\/wp-content\/uploads\/2018\/12\/Convivios-Fraternos.jpg\"><img loading=\"lazy\" class=\"size-large wp-image-7132 aligncenter\" src=\"http:\/\/paroquiagloria.org\/v2\/wp-content\/uploads\/2018\/12\/Convivios-Fraternos-1024x765.jpg\" alt=\"Convivios-Fraternos\" width=\"1024\" height=\"765\" srcset=\"http:\/\/paroquiagloria.org\/v2\/wp-content\/uploads\/2018\/12\/Convivios-Fraternos-1024x765.jpg 1024w, http:\/\/paroquiagloria.org\/v2\/wp-content\/uploads\/2018\/12\/Convivios-Fraternos-300x224.jpg 300w, http:\/\/paroquiagloria.org\/v2\/wp-content\/uploads\/2018\/12\/Convivios-Fraternos.jpg 1200w\" sizes=\"(max-width: 1024px) 100vw, 1024px\" \/><\/a><\/p>\n<p>&nbsp;<\/p>\n<p>O pr\u00f3ximo Conv\u00edvio Fraterno da Diocese de Aveiro realiza-se nos pr\u00f3ximos dias 20 a 23 de Dezembro! Concentra\u00e7\u00e3o dia 20 de dezembro no IDESO em Eirol \u00e0s 21h00.<br \/>\nConv\u00edvio fraterno \u201c\u00e9 uma experi\u00eancia de primeiro an\u00fancio que tem como objetivo despertar os jovens para a f\u00e9, orientando-os sempre para a viv\u00eancia comunit\u00e1ria da f\u00e9 que os leve a refletir sobre si pr\u00f3prios, os outros e Deus\u201d.<br \/>\nSe quiseres participar no Conv\u00edvio Fraterno entra em contacto com o Di\u00e1c. Jorge Manuel.<br \/>\nChegou a hora de espalhar a nossa heran\u00e7a\u2026 Chegou a hora de outros receberem esta heran\u00e7a!<\/p>\n","protected":false},"excerpt":{"rendered":"<p>&nbsp; O pr\u00f3ximo Conv\u00edvio Fraterno da Diocese de Aveiro realiza-se nos pr\u00f3ximos dias 20 a 23 de Dezembro! Concentra\u00e7\u00e3o dia 20 de dezembro no IDESO em Eirol \u00e0s 21h00. Conv\u00edvio fraterno \u201c\u00e9 uma experi\u00eancia de primeiro an\u00fancio que tem como objetivo despertar os jovens para a f\u00e9, orientando-os sempre para a viv\u00eancia comunit\u00e1ria da f\u00e9 [&hellip;]<\/p>\n","protected":false},"author":1,"featured_media":7131,"comment_status":"open","ping_status":"closed","sticky":false,"template":"","format":"standard","meta":{"ngg_post_thumbnail":0},"categories":[1,4,2,6],"tags":[],"_links":{"self":[{"href":"http:\/\/paroquiagloria.org\/v2\/index.php?rest_route=\/wp\/v2\/posts\/7128"}],"collection":[{"href":"http:\/\/paroquiagloria.org\/v2\/index.php?rest_route=\/wp\/v2\/posts"}],"about":[{"href":"http:\/\/paroquiagloria.org\/v2\/index.php?rest_route=\/wp\/v2\/types\/post"}],"author":[{"embeddable":true,"href":"http:\/\/paroquiagloria.org\/v2\/index.php?rest_route=\/wp\/v2\/users\/1"}],"replies":[{"embeddable":true,"href":"http:\/\/paroquiagloria.org\/v2\/index.php?rest_route=%2Fwp%2Fv2%2Fcomments&post=7128"}],"version-history":[{"count":1,"href":"http:\/\/paroquiagloria.org\/v2\/index.php?rest_route=\/wp\/v2\/posts\/7128\/revisions"}],"predecessor-version":[{"id":7133,"href":"http:\/\/paroquiagloria.org\/v2\/index.php?rest_route=\/wp\/v2\/posts\/7128\/revisions\/7133"}],"wp:featuredmedia":[{"embeddable":true,"href":"http:\/\/paroquiagloria.org\/v2\/index.php?rest_route=\/wp\/v2\/media\/7131"}],"wp:attachment":[{"href":"http:\/\/paroquiagloria.org\/v2\/index.php?rest_route=%2Fwp%2Fv2%2Fmedia&parent=7128"}],"wp:term":[{"taxonomy":"category","embeddable":true,"href":"http:\/\/paroquiagloria.org\/v2\/index.php?rest_route=%2Fwp%2Fv2%2Fcategories&post=7128"},{"taxonomy":"post_tag","embeddable":true,"href":"http:\/\/paroquiagloria.org\/v2\/index.php?rest_route=%2Fwp%2Fv2%2Ftags&post=7128"}],"curies":[{"name":"wp","href":"https:\/\/api.w.org\/{rel}","templated":true}]}}