{"id":7125,"date":"2018-12-08T17:12:55","date_gmt":"2018-12-08T17:12:55","guid":{"rendered":"http:\/\/paroquiagloria.org\/v2\/?p=7125"},"modified":"2018-12-08T17:12:55","modified_gmt":"2018-12-08T17:12:55","slug":"papa-pede-protecao-da-imaculada-conceicao","status":"publish","type":"post","link":"http:\/\/paroquiagloria.org\/v2\/?p=7125","title":{"rendered":"Papa pede prote\u00e7\u00e3o da Imaculada Concei\u00e7\u00e3o"},"content":{"rendered":"<p><a href=\"http:\/\/paroquiagloria.org\/v2\/wp-content\/uploads\/2013\/01\/imaculada_conceicao.jpg\"><img loading=\"lazy\" class=\"size-full wp-image-33 aligncenter\" src=\"http:\/\/paroquiagloria.org\/v2\/wp-content\/uploads\/2013\/01\/imaculada_conceicao.jpg\" alt=\"imaculada_conceicao\" width=\"960\" height=\"340\" srcset=\"http:\/\/paroquiagloria.org\/v2\/wp-content\/uploads\/2013\/01\/imaculada_conceicao.jpg 960w, http:\/\/paroquiagloria.org\/v2\/wp-content\/uploads\/2013\/01\/imaculada_conceicao-300x106.jpg 300w\" sizes=\"(max-width: 960px) 100vw, 960px\" \/><\/a><\/p>\n<p>&nbsp;<\/p>\n<p>O Papa Francisco prestou homenagem \u00e0 Imaculada Concei\u00e7\u00e3o, na tradicional desloca\u00e7\u00e3o ao monumento na Pra\u00e7a de Espanha, em Roma, e lembrou o caminho de refugiados e fam\u00edlias na di\u00e1spora.<br \/>\n\u201cFica perto das fam\u00edlias hoje, em Roma, em It\u00e1lia, h\u00e1 situa\u00e7\u00f5es semelhantes em todo o mundo, porque eles n\u00e3o s\u00e3o abandonados a si mesmos, mas desprotegidos nos seus direitos, direitos humanos que v\u00eam antes de qualquer necessidade leg\u00edtima\u201d, afirmou recordando o exemplo de Maria e Jos\u00e9, a caminho de Bel\u00e9m.<\/p>\n<p>fonte: <a href=\"http:\/\/www.agencia.ecclesia.pt\/portal\/papa-francisco-pede-protecao-da-imaculada-conceicao-para-familias-na-diaspora\/\" target=\"_blank\">ECCLESIA<\/a><\/p>\n<p>&nbsp;<\/p>\n","protected":false},"excerpt":{"rendered":"<p>&nbsp; O Papa Francisco prestou homenagem \u00e0 Imaculada Concei\u00e7\u00e3o, na tradicional desloca\u00e7\u00e3o ao monumento na Pra\u00e7a de Espanha, em Roma, e lembrou o caminho de refugiados e fam\u00edlias na di\u00e1spora. \u201cFica perto das fam\u00edlias hoje, em Roma, em It\u00e1lia, h\u00e1 situa\u00e7\u00f5es semelhantes em todo o mundo, porque eles n\u00e3o s\u00e3o abandonados a si mesmos, mas [&hellip;]<\/p>\n","protected":false},"author":1,"featured_media":6341,"comment_status":"open","ping_status":"closed","sticky":false,"template":"","format":"standard","meta":{"ngg_post_thumbnail":0},"categories":[1,4,2,6],"tags":[],"_links":{"self":[{"href":"http:\/\/paroquiagloria.org\/v2\/index.php?rest_route=\/wp\/v2\/posts\/7125"}],"collection":[{"href":"http:\/\/paroquiagloria.org\/v2\/index.php?rest_route=\/wp\/v2\/posts"}],"about":[{"href":"http:\/\/paroquiagloria.org\/v2\/index.php?rest_route=\/wp\/v2\/types\/post"}],"author":[{"embeddable":true,"href":"http:\/\/paroquiagloria.org\/v2\/index.php?rest_route=\/wp\/v2\/users\/1"}],"replies":[{"embeddable":true,"href":"http:\/\/paroquiagloria.org\/v2\/index.php?rest_route=%2Fwp%2Fv2%2Fcomments&post=7125"}],"version-history":[{"count":1,"href":"http:\/\/paroquiagloria.org\/v2\/index.php?rest_route=\/wp\/v2\/posts\/7125\/revisions"}],"predecessor-version":[{"id":7126,"href":"http:\/\/paroquiagloria.org\/v2\/index.php?rest_route=\/wp\/v2\/posts\/7125\/revisions\/7126"}],"wp:featuredmedia":[{"embeddable":true,"href":"http:\/\/paroquiagloria.org\/v2\/index.php?rest_route=\/wp\/v2\/media\/6341"}],"wp:attachment":[{"href":"http:\/\/paroquiagloria.org\/v2\/index.php?rest_route=%2Fwp%2Fv2%2Fmedia&parent=7125"}],"wp:term":[{"taxonomy":"category","embeddable":true,"href":"http:\/\/paroquiagloria.org\/v2\/index.php?rest_route=%2Fwp%2Fv2%2Fcategories&post=7125"},{"taxonomy":"post_tag","embeddable":true,"href":"http:\/\/paroquiagloria.org\/v2\/index.php?rest_route=%2Fwp%2Fv2%2Ftags&post=7125"}],"curies":[{"name":"wp","href":"https:\/\/api.w.org\/{rel}","templated":true}]}}