{"id":7116,"date":"2018-12-01T19:14:37","date_gmt":"2018-12-01T19:14:37","guid":{"rendered":"http:\/\/paroquiagloria.org\/v2\/?p=7116"},"modified":"2018-12-01T19:14:37","modified_gmt":"2018-12-01T19:14:37","slug":"erguei-vos","status":"publish","type":"post","link":"http:\/\/paroquiagloria.org\/v2\/?p=7116","title":{"rendered":"\u201cErguei-vos !\u201d"},"content":{"rendered":"<p><a href=\"http:\/\/paroquiagloria.org\/v2\/wp-content\/uploads\/2013\/02\/1da_C.jpg\"><img loading=\"lazy\" class=\"size-full wp-image-7095 aligncenter\" src=\"http:\/\/paroquiagloria.org\/v2\/wp-content\/uploads\/2013\/02\/1da_C.jpg\" alt=\"1da_C\" width=\"1000\" height=\"996\" srcset=\"http:\/\/paroquiagloria.org\/v2\/wp-content\/uploads\/2013\/02\/1da_C.jpg 1000w, http:\/\/paroquiagloria.org\/v2\/wp-content\/uploads\/2013\/02\/1da_C-150x150.jpg 150w, http:\/\/paroquiagloria.org\/v2\/wp-content\/uploads\/2013\/02\/1da_C-300x300.jpg 300w, http:\/\/paroquiagloria.org\/v2\/wp-content\/uploads\/2013\/02\/1da_C-185x185.jpg 185w, http:\/\/paroquiagloria.org\/v2\/wp-content\/uploads\/2013\/02\/1da_C-184x184.jpg 184w\" sizes=\"(max-width: 1000px) 100vw, 1000px\" \/><\/a><\/p>\n<p style=\"text-align: justify;\">Termin\u00e1mos o ano com o Evangelista Marcos e, com o Advento come\u00e7amos outro, pela m\u00e3o de Lucas, sempre com o horizonte num futuro violentamente carregado. Aos olhos incautos parece que Deus se compraz com a trag\u00e9dia, aprecia ambientes depressivos e quer que vivamos de modo severo e austero, tornando mais pobres os dias da nossa exist\u00eancia. Nada disso! Quem acreditaria num Deus assim? Quem teria prazer em preparar a Sua vinda? Que acolhimento merecia a Sua mensagem?<br \/>\nN\u00e3o \u00e9 apavorados que Deus gosta de nos ver, nem paralisados pela ang\u00fastia do futuro, mas quer-nos atentos e vigilantes, aproveitando o Advento como tempo belo e precioso para o exerc\u00edcio da virtude da Esperan\u00e7a, apesar dos gemidos da humanidade e das convuls\u00f5es da hist\u00f3ria.<br \/>\nComo a mulher, prestes a dar \u00e0 luz, vive a alegria antecipada por quem vai nascer, apesar do desconforto pr\u00f3prio do momento, tamb\u00e9m assim devemos viver em alegria e esperan\u00e7a o Advento.<br \/>\nPara quem ousa ver al\u00e9m da borrasca, facilmente dar\u00e1 conta que o Evangelho n\u00e3o tem por objectivo descrever o fim do mundo e provocar o p\u00e2nico, mas ajudar a descobrir o sentido da hist\u00f3ria. E esse sentido \u00faltimo, para o qual tudo se encaminha e converge, \u00e9 Deus. Por isso, &#8220;Erguei-vos e levantai a cabe\u00e7a&#8221;.<br \/>\nO Advento \u00e9 esse tempo belo e prop\u00edcio para meditar e deixar vir ao de cima &#8220;estas coisas&#8221;.<\/p>\n<p style=\"text-align: right;\">\nP. Fausto<\/p>\n<p style=\"text-align: right;\"><em>in<\/em> Di\u00e1logo 1633 (Domingo I do Advento &#8211; Ano C)<\/p>\n","protected":false},"excerpt":{"rendered":"<p>Termin\u00e1mos o ano com o Evangelista Marcos e, com o Advento come\u00e7amos outro, pela m\u00e3o de Lucas, sempre com o horizonte num futuro violentamente carregado. Aos olhos incautos parece que Deus se compraz com a trag\u00e9dia, aprecia ambientes depressivos e quer que vivamos de modo severo e austero, tornando mais pobres os dias da nossa [&hellip;]<\/p>\n","protected":false},"author":1,"featured_media":7097,"comment_status":"open","ping_status":"closed","sticky":false,"template":"","format":"standard","meta":{"ngg_post_thumbnail":0},"categories":[1,4,2,6,17],"tags":[],"_links":{"self":[{"href":"http:\/\/paroquiagloria.org\/v2\/index.php?rest_route=\/wp\/v2\/posts\/7116"}],"collection":[{"href":"http:\/\/paroquiagloria.org\/v2\/index.php?rest_route=\/wp\/v2\/posts"}],"about":[{"href":"http:\/\/paroquiagloria.org\/v2\/index.php?rest_route=\/wp\/v2\/types\/post"}],"author":[{"embeddable":true,"href":"http:\/\/paroquiagloria.org\/v2\/index.php?rest_route=\/wp\/v2\/users\/1"}],"replies":[{"embeddable":true,"href":"http:\/\/paroquiagloria.org\/v2\/index.php?rest_route=%2Fwp%2Fv2%2Fcomments&post=7116"}],"version-history":[{"count":1,"href":"http:\/\/paroquiagloria.org\/v2\/index.php?rest_route=\/wp\/v2\/posts\/7116\/revisions"}],"predecessor-version":[{"id":7117,"href":"http:\/\/paroquiagloria.org\/v2\/index.php?rest_route=\/wp\/v2\/posts\/7116\/revisions\/7117"}],"wp:featuredmedia":[{"embeddable":true,"href":"http:\/\/paroquiagloria.org\/v2\/index.php?rest_route=\/wp\/v2\/media\/7097"}],"wp:attachment":[{"href":"http:\/\/paroquiagloria.org\/v2\/index.php?rest_route=%2Fwp%2Fv2%2Fmedia&parent=7116"}],"wp:term":[{"taxonomy":"category","embeddable":true,"href":"http:\/\/paroquiagloria.org\/v2\/index.php?rest_route=%2Fwp%2Fv2%2Fcategories&post=7116"},{"taxonomy":"post_tag","embeddable":true,"href":"http:\/\/paroquiagloria.org\/v2\/index.php?rest_route=%2Fwp%2Fv2%2Ftags&post=7116"}],"curies":[{"name":"wp","href":"https:\/\/api.w.org\/{rel}","templated":true}]}}