{"id":7112,"date":"2018-12-01T19:12:16","date_gmt":"2018-12-01T19:12:16","guid":{"rendered":"http:\/\/paroquiagloria.org\/v2\/?p=7112"},"modified":"2018-12-01T19:12:16","modified_gmt":"2018-12-01T19:12:16","slug":"bencao-das-mulheres-gravidas-2","status":"publish","type":"post","link":"http:\/\/paroquiagloria.org\/v2\/?p=7112","title":{"rendered":"Ben\u00e7\u00e3o das mulheres gr\u00e1vidas"},"content":{"rendered":"<p><a href=\"http:\/\/paroquiagloria.org\/v2\/wp-content\/uploads\/2018\/11\/banner_gravidas_bencao.jpg\"><img loading=\"lazy\" class=\"size-full wp-image-7062 aligncenter\" src=\"http:\/\/paroquiagloria.org\/v2\/wp-content\/uploads\/2018\/11\/banner_gravidas_bencao.jpg\" alt=\"banner_gravidas_bencao\" width=\"960\" height=\"450\" srcset=\"http:\/\/paroquiagloria.org\/v2\/wp-content\/uploads\/2018\/11\/banner_gravidas_bencao.jpg 960w, http:\/\/paroquiagloria.org\/v2\/wp-content\/uploads\/2018\/11\/banner_gravidas_bencao-300x141.jpg 300w\" sizes=\"(max-width: 960px) 100vw, 960px\" \/><\/a><\/p>\n<p>Porque queremos agradecer como comunidade crist\u00e3 o dom da Gravidez que Deus concedeu aos Casais, residentes ou n\u00e3o na nossa comunidade, e pedir-Lhe uma especial b\u00ean\u00e7\u00e3o para todas as gr\u00e1vidas, neste belo e fecundo per\u00edodo de gesta\u00e7\u00e3o das suas vidas, convidam-se todos os casais que esperam um filho, a participar na Missa das 12h do IV Domingo do Advento, dia 23 de Dezembro, na nossa Igreja.<br \/>\nSer\u00e1 um momento feliz para todos, bastando apenas que se inscrevam atempadamente na secretaria paroquial, na sacristia da Igreja ou junto de algum sacerdote em servi\u00e7o da nossa Par\u00f3quia.<\/p>\n","protected":false},"excerpt":{"rendered":"<p>Porque queremos agradecer como comunidade crist\u00e3 o dom da Gravidez que Deus concedeu aos Casais, residentes ou n\u00e3o na nossa comunidade, e pedir-Lhe uma especial b\u00ean\u00e7\u00e3o para todas as gr\u00e1vidas, neste belo e fecundo per\u00edodo de gesta\u00e7\u00e3o das suas vidas, convidam-se todos os casais que esperam um filho, a participar na Missa das 12h do [&hellip;]<\/p>\n","protected":false},"author":1,"featured_media":7062,"comment_status":"open","ping_status":"closed","sticky":false,"template":"","format":"standard","meta":{"ngg_post_thumbnail":0},"categories":[1,4,2,6,21],"tags":[],"_links":{"self":[{"href":"http:\/\/paroquiagloria.org\/v2\/index.php?rest_route=\/wp\/v2\/posts\/7112"}],"collection":[{"href":"http:\/\/paroquiagloria.org\/v2\/index.php?rest_route=\/wp\/v2\/posts"}],"about":[{"href":"http:\/\/paroquiagloria.org\/v2\/index.php?rest_route=\/wp\/v2\/types\/post"}],"author":[{"embeddable":true,"href":"http:\/\/paroquiagloria.org\/v2\/index.php?rest_route=\/wp\/v2\/users\/1"}],"replies":[{"embeddable":true,"href":"http:\/\/paroquiagloria.org\/v2\/index.php?rest_route=%2Fwp%2Fv2%2Fcomments&post=7112"}],"version-history":[{"count":1,"href":"http:\/\/paroquiagloria.org\/v2\/index.php?rest_route=\/wp\/v2\/posts\/7112\/revisions"}],"predecessor-version":[{"id":7113,"href":"http:\/\/paroquiagloria.org\/v2\/index.php?rest_route=\/wp\/v2\/posts\/7112\/revisions\/7113"}],"wp:featuredmedia":[{"embeddable":true,"href":"http:\/\/paroquiagloria.org\/v2\/index.php?rest_route=\/wp\/v2\/media\/7062"}],"wp:attachment":[{"href":"http:\/\/paroquiagloria.org\/v2\/index.php?rest_route=%2Fwp%2Fv2%2Fmedia&parent=7112"}],"wp:term":[{"taxonomy":"category","embeddable":true,"href":"http:\/\/paroquiagloria.org\/v2\/index.php?rest_route=%2Fwp%2Fv2%2Fcategories&post=7112"},{"taxonomy":"post_tag","embeddable":true,"href":"http:\/\/paroquiagloria.org\/v2\/index.php?rest_route=%2Fwp%2Fv2%2Ftags&post=7112"}],"curies":[{"name":"wp","href":"https:\/\/api.w.org\/{rel}","templated":true}]}}