{"id":7108,"date":"2018-12-01T19:10:51","date_gmt":"2018-12-01T19:10:51","guid":{"rendered":"http:\/\/paroquiagloria.org\/v2\/?p=7108"},"modified":"2018-12-01T19:10:51","modified_gmt":"2018-12-01T19:10:51","slug":"festa-da-padroeira-5","status":"publish","type":"post","link":"http:\/\/paroquiagloria.org\/v2\/?p=7108","title":{"rendered":"Festa da Padroeira"},"content":{"rendered":"<p>&nbsp;<\/p>\n<p><a href=\"http:\/\/paroquiagloria.org\/v2\/wp-content\/uploads\/2013\/02\/FestadaPadroeira_2018.jpg\"><img loading=\"lazy\" class=\"size-full wp-image-7072 aligncenter\" src=\"http:\/\/paroquiagloria.org\/v2\/wp-content\/uploads\/2013\/02\/FestadaPadroeira_2018.jpg\" alt=\"FestadaPadroeira_2018\" width=\"679\" height=\"960\" srcset=\"http:\/\/paroquiagloria.org\/v2\/wp-content\/uploads\/2013\/02\/FestadaPadroeira_2018.jpg 679w, http:\/\/paroquiagloria.org\/v2\/wp-content\/uploads\/2013\/02\/FestadaPadroeira_2018-212x300.jpg 212w\" sizes=\"(max-width: 679px) 100vw, 679px\" \/><\/a><\/p>\n<p>Recebemos este ano, para comemorar a nossa Padroeira, em dia da Solenidade da Imaculada Concei\u00e7\u00e3o da Virgem Santa Maria, o Coro do curso de m\u00fasica lit\u00fargica da Associa\u00e7\u00e3o de M\u00fasica Sacra de Braga e o organista Greg\u00f3rio Gomes.<br \/>\nAguarda-nos um maravilhoso concerto, que ser\u00e1 no pr\u00f3ximo s\u00e1bado, dia 8 de dezembro, pelas 21h30 na nossa igreja.<br \/>\nReserve essa noite para honrar a nossa Padroeira.<\/p>\n","protected":false},"excerpt":{"rendered":"<p>&nbsp; Recebemos este ano, para comemorar a nossa Padroeira, em dia da Solenidade da Imaculada Concei\u00e7\u00e3o da Virgem Santa Maria, o Coro do curso de m\u00fasica lit\u00fargica da Associa\u00e7\u00e3o de M\u00fasica Sacra de Braga e o organista Greg\u00f3rio Gomes. Aguarda-nos um maravilhoso concerto, que ser\u00e1 no pr\u00f3ximo s\u00e1bado, dia 8 de dezembro, pelas 21h30 na [&hellip;]<\/p>\n","protected":false},"author":1,"featured_media":7074,"comment_status":"open","ping_status":"closed","sticky":false,"template":"","format":"standard","meta":{"ngg_post_thumbnail":0},"categories":[1,4,2,6,21],"tags":[],"_links":{"self":[{"href":"http:\/\/paroquiagloria.org\/v2\/index.php?rest_route=\/wp\/v2\/posts\/7108"}],"collection":[{"href":"http:\/\/paroquiagloria.org\/v2\/index.php?rest_route=\/wp\/v2\/posts"}],"about":[{"href":"http:\/\/paroquiagloria.org\/v2\/index.php?rest_route=\/wp\/v2\/types\/post"}],"author":[{"embeddable":true,"href":"http:\/\/paroquiagloria.org\/v2\/index.php?rest_route=\/wp\/v2\/users\/1"}],"replies":[{"embeddable":true,"href":"http:\/\/paroquiagloria.org\/v2\/index.php?rest_route=%2Fwp%2Fv2%2Fcomments&post=7108"}],"version-history":[{"count":1,"href":"http:\/\/paroquiagloria.org\/v2\/index.php?rest_route=\/wp\/v2\/posts\/7108\/revisions"}],"predecessor-version":[{"id":7109,"href":"http:\/\/paroquiagloria.org\/v2\/index.php?rest_route=\/wp\/v2\/posts\/7108\/revisions\/7109"}],"wp:featuredmedia":[{"embeddable":true,"href":"http:\/\/paroquiagloria.org\/v2\/index.php?rest_route=\/wp\/v2\/media\/7074"}],"wp:attachment":[{"href":"http:\/\/paroquiagloria.org\/v2\/index.php?rest_route=%2Fwp%2Fv2%2Fmedia&parent=7108"}],"wp:term":[{"taxonomy":"category","embeddable":true,"href":"http:\/\/paroquiagloria.org\/v2\/index.php?rest_route=%2Fwp%2Fv2%2Fcategories&post=7108"},{"taxonomy":"post_tag","embeddable":true,"href":"http:\/\/paroquiagloria.org\/v2\/index.php?rest_route=%2Fwp%2Fv2%2Ftags&post=7108"}],"curies":[{"name":"wp","href":"https:\/\/api.w.org\/{rel}","templated":true}]}}