{"id":7082,"date":"2018-11-24T19:39:54","date_gmt":"2018-11-24T19:39:54","guid":{"rendered":"http:\/\/paroquiagloria.org\/v2\/?p=7082"},"modified":"2018-11-24T19:39:54","modified_gmt":"2018-11-24T19:39:54","slug":"bencao-das-mulheres-gravidas","status":"publish","type":"post","link":"http:\/\/paroquiagloria.org\/v2\/?p=7082","title":{"rendered":"Ben\u00e7\u00e3o das mulheres gr\u00e1vidas"},"content":{"rendered":"<p>&nbsp;<\/p>\n<p><a href=\"http:\/\/paroquiagloria.org\/v2\/wp-content\/uploads\/2018\/11\/banner_gravidas_bencao.jpg\"><img loading=\"lazy\" class=\"size-full wp-image-7062 aligncenter\" src=\"http:\/\/paroquiagloria.org\/v2\/wp-content\/uploads\/2018\/11\/banner_gravidas_bencao.jpg\" alt=\"banner_gravidas_bencao\" width=\"960\" height=\"450\" srcset=\"http:\/\/paroquiagloria.org\/v2\/wp-content\/uploads\/2018\/11\/banner_gravidas_bencao.jpg 960w, http:\/\/paroquiagloria.org\/v2\/wp-content\/uploads\/2018\/11\/banner_gravidas_bencao-300x141.jpg 300w\" sizes=\"(max-width: 960px) 100vw, 960px\" \/><\/a><\/p>\n<p>Na linha do plano diocesano de pastoral para este tri\u00e9nio, faremos no dia <strong>23 de dezembro, IV Domingo do Advento, na missa das 12h, a ben\u00e7\u00e3o das mulheres gr\u00e1vidas<\/strong>. A esta proximidade da celebra\u00e7\u00e3o do Natal acresce o seu significado pois vivemos na expectativa do nascimento do Nosso Salvador.<br \/>\nA ben\u00e7\u00e3o da m\u00e3e ser\u00e1 uma oportunidade de afirmar que Deus \u00e9 o Senhor da Vida e que ajuda a mulher, enquanto colaboradora do amor de Deus, a aguardar com sentimentos de f\u00e9 e de esperan\u00e7a o tempo de dar \u00e0 luz e a amar, desde j\u00e1, com afecto materno o fruto que traz no seu seio.<br \/>\nPara tudo se organizar atempadamente, recomenda-se a inscri\u00e7\u00e3o pr\u00e9via na secretaria ou na sacristia, no hor\u00e1rio habitual de servi\u00e7o.<\/p>\n","protected":false},"excerpt":{"rendered":"<p>&nbsp; Na linha do plano diocesano de pastoral para este tri\u00e9nio, faremos no dia 23 de dezembro, IV Domingo do Advento, na missa das 12h, a ben\u00e7\u00e3o das mulheres gr\u00e1vidas. A esta proximidade da celebra\u00e7\u00e3o do Natal acresce o seu significado pois vivemos na expectativa do nascimento do Nosso Salvador. A ben\u00e7\u00e3o da m\u00e3e ser\u00e1 [&hellip;]<\/p>\n","protected":false},"author":1,"featured_media":7062,"comment_status":"open","ping_status":"closed","sticky":false,"template":"","format":"standard","meta":{"ngg_post_thumbnail":0},"categories":[1,4,2,6,21],"tags":[],"_links":{"self":[{"href":"http:\/\/paroquiagloria.org\/v2\/index.php?rest_route=\/wp\/v2\/posts\/7082"}],"collection":[{"href":"http:\/\/paroquiagloria.org\/v2\/index.php?rest_route=\/wp\/v2\/posts"}],"about":[{"href":"http:\/\/paroquiagloria.org\/v2\/index.php?rest_route=\/wp\/v2\/types\/post"}],"author":[{"embeddable":true,"href":"http:\/\/paroquiagloria.org\/v2\/index.php?rest_route=\/wp\/v2\/users\/1"}],"replies":[{"embeddable":true,"href":"http:\/\/paroquiagloria.org\/v2\/index.php?rest_route=%2Fwp%2Fv2%2Fcomments&post=7082"}],"version-history":[{"count":1,"href":"http:\/\/paroquiagloria.org\/v2\/index.php?rest_route=\/wp\/v2\/posts\/7082\/revisions"}],"predecessor-version":[{"id":7083,"href":"http:\/\/paroquiagloria.org\/v2\/index.php?rest_route=\/wp\/v2\/posts\/7082\/revisions\/7083"}],"wp:featuredmedia":[{"embeddable":true,"href":"http:\/\/paroquiagloria.org\/v2\/index.php?rest_route=\/wp\/v2\/media\/7062"}],"wp:attachment":[{"href":"http:\/\/paroquiagloria.org\/v2\/index.php?rest_route=%2Fwp%2Fv2%2Fmedia&parent=7082"}],"wp:term":[{"taxonomy":"category","embeddable":true,"href":"http:\/\/paroquiagloria.org\/v2\/index.php?rest_route=%2Fwp%2Fv2%2Fcategories&post=7082"},{"taxonomy":"post_tag","embeddable":true,"href":"http:\/\/paroquiagloria.org\/v2\/index.php?rest_route=%2Fwp%2Fv2%2Ftags&post=7082"}],"curies":[{"name":"wp","href":"https:\/\/api.w.org\/{rel}","templated":true}]}}