{"id":7078,"date":"2018-11-24T19:33:08","date_gmt":"2018-11-24T19:33:08","guid":{"rendered":"http:\/\/paroquiagloria.org\/v2\/?p=7078"},"modified":"2018-11-24T19:45:35","modified_gmt":"2018-11-24T19:45:35","slug":"direitos-humanos-a-liberdade-religiosa","status":"publish","type":"post","link":"http:\/\/paroquiagloria.org\/v2\/?p=7078","title":{"rendered":"Direitos Humanos: a liberdade religiosa"},"content":{"rendered":"<p><a href=\"http:\/\/paroquiagloria.org\/v2\/wp-content\/uploads\/2018\/11\/DireitosHumanos.jpg\"><img loading=\"lazy\" class=\"size-large wp-image-7086 aligncenter\" src=\"http:\/\/paroquiagloria.org\/v2\/wp-content\/uploads\/2018\/11\/DireitosHumanos-1024x683.jpg\" alt=\"DireitosHumanos\" width=\"1024\" height=\"683\" srcset=\"http:\/\/paroquiagloria.org\/v2\/wp-content\/uploads\/2018\/11\/DireitosHumanos.jpg 1024w, http:\/\/paroquiagloria.org\/v2\/wp-content\/uploads\/2018\/11\/DireitosHumanos-300x200.jpg 300w, http:\/\/paroquiagloria.org\/v2\/wp-content\/uploads\/2018\/11\/DireitosHumanos-140x94.jpg 140w\" sizes=\"(max-width: 1024px) 100vw, 1024px\" \/><\/a><\/p>\n<p>&nbsp;<\/p>\n<p style=\"text-align: justify;\">A directora da \u2018Ajuda \u00e0 Igreja que Sofre\u2019 (AIS) em Portugal afirmou hoje que \u201ccada vez h\u00e1 mais viola\u00e7\u00f5es dos direitos da liberdade religiosa no mundo\u201d, uma situa\u00e7\u00e3o que \u201cpiorou relativamente a 2016\u201d segundo o relat\u00f3rio da funda\u00e7\u00e3o pontif\u00edcia.<br \/>\n\u201cA perspectiva \u00e9 que se continue a degradar, porque a situa\u00e7\u00e3o no mundo \u00e9 terr\u00edvel na quest\u00e3o de ultranacionalismos, extremismos, que faz com que as minorias sejam pressionadas, perseguidas e n\u00e3o possam exercer a sua f\u00e9\u201d,<br \/>\nO tra\u00e7o comum \u00e0s minorias religiosas \u00e9 que s\u00e3o \u201cmais discriminadas\u201d, est\u00e3o cada vez \u201cmais pobres e exclu\u00eddas da sociedade\u201d. As \u201cnot\u00edcias positivas s\u00e3o muito escassas\u201d e destacou o regresso da comunidade crist\u00e3 e das minorias religiosas \u00e0 Pen\u00ednsula de N\u00ednive, no Iraque e na S\u00edria, depois da expuls\u00e3o dos jihadistas isl\u00e2micos.<br \/>\nEste ano comemora-se o 70.\u00ba anivers\u00e1rio da Declara\u00e7\u00e3o Universal dos Direitos Humanos \u201conde est\u00e1 inscrito o direito \u00e0 liberdade religiosa\u201d, a qual \u201c\u00e9 cada vez mais amea\u00e7ada\u201d.<\/p>\n<p style=\"text-align: justify;\">\n<p style=\"text-align: justify;\"><a href=\"http:\/\/www.agencia.ecclesia.pt\/portal\/direitos-humanos-liberdade-religiosa-esta-cada-vez-mais-ameacada-diz-relatorio-de-fundacao-pontificia\/\" target=\"_blank\">MAIS INFORMA\u00c7\u00d5ES<\/a><\/p>\n","protected":false},"excerpt":{"rendered":"<p>&nbsp; A directora da \u2018Ajuda \u00e0 Igreja que Sofre\u2019 (AIS) em Portugal afirmou hoje que \u201ccada vez h\u00e1 mais viola\u00e7\u00f5es dos direitos da liberdade religiosa no mundo\u201d, uma situa\u00e7\u00e3o que \u201cpiorou relativamente a 2016\u201d segundo o relat\u00f3rio da funda\u00e7\u00e3o pontif\u00edcia. \u201cA perspectiva \u00e9 que se continue a degradar, porque a situa\u00e7\u00e3o no mundo \u00e9 terr\u00edvel [&hellip;]<\/p>\n","protected":false},"author":1,"featured_media":7090,"comment_status":"open","ping_status":"closed","sticky":false,"template":"","format":"standard","meta":{"ngg_post_thumbnail":0},"categories":[1,4,2,6],"tags":[],"_links":{"self":[{"href":"http:\/\/paroquiagloria.org\/v2\/index.php?rest_route=\/wp\/v2\/posts\/7078"}],"collection":[{"href":"http:\/\/paroquiagloria.org\/v2\/index.php?rest_route=\/wp\/v2\/posts"}],"about":[{"href":"http:\/\/paroquiagloria.org\/v2\/index.php?rest_route=\/wp\/v2\/types\/post"}],"author":[{"embeddable":true,"href":"http:\/\/paroquiagloria.org\/v2\/index.php?rest_route=\/wp\/v2\/users\/1"}],"replies":[{"embeddable":true,"href":"http:\/\/paroquiagloria.org\/v2\/index.php?rest_route=%2Fwp%2Fv2%2Fcomments&post=7078"}],"version-history":[{"count":3,"href":"http:\/\/paroquiagloria.org\/v2\/index.php?rest_route=\/wp\/v2\/posts\/7078\/revisions"}],"predecessor-version":[{"id":7091,"href":"http:\/\/paroquiagloria.org\/v2\/index.php?rest_route=\/wp\/v2\/posts\/7078\/revisions\/7091"}],"wp:featuredmedia":[{"embeddable":true,"href":"http:\/\/paroquiagloria.org\/v2\/index.php?rest_route=\/wp\/v2\/media\/7090"}],"wp:attachment":[{"href":"http:\/\/paroquiagloria.org\/v2\/index.php?rest_route=%2Fwp%2Fv2%2Fmedia&parent=7078"}],"wp:term":[{"taxonomy":"category","embeddable":true,"href":"http:\/\/paroquiagloria.org\/v2\/index.php?rest_route=%2Fwp%2Fv2%2Fcategories&post=7078"},{"taxonomy":"post_tag","embeddable":true,"href":"http:\/\/paroquiagloria.org\/v2\/index.php?rest_route=%2Fwp%2Fv2%2Ftags&post=7078"}],"curies":[{"name":"wp","href":"https:\/\/api.w.org\/{rel}","templated":true}]}}