{"id":7041,"date":"2018-11-10T19:57:06","date_gmt":"2018-11-10T19:57:06","guid":{"rendered":"http:\/\/paroquiagloria.org\/v2\/?p=7041"},"modified":"2018-11-10T19:57:06","modified_gmt":"2018-11-10T19:57:06","slug":"acolito-aparece-dia-16-de-novembro","status":"publish","type":"post","link":"http:\/\/paroquiagloria.org\/v2\/?p=7041","title":{"rendered":"Ac\u00f3lito: aparece dia 16 de novembro"},"content":{"rendered":"<p>&nbsp;<\/p>\n<p><a href=\"http:\/\/paroquiagloria.org\/v2\/wp-content\/uploads\/2013\/02\/acolitos.jpg\"><img loading=\"lazy\" class=\"size-full wp-image-587 aligncenter\" src=\"http:\/\/paroquiagloria.org\/v2\/wp-content\/uploads\/2013\/02\/acolitos.jpg\" alt=\"acolitos\" width=\"640\" height=\"480\" srcset=\"http:\/\/paroquiagloria.org\/v2\/wp-content\/uploads\/2013\/02\/acolitos.jpg 640w, http:\/\/paroquiagloria.org\/v2\/wp-content\/uploads\/2013\/02\/acolitos-300x225.jpg 300w\" sizes=\"(max-width: 640px) 100vw, 640px\" \/><\/a><\/p>\n<p>Para que a missa seja vivida, bem vivida, com tranquilidade, \u00e9 necess\u00e1rio haver pessoas que possam desempenhar v\u00e1rias fun\u00e7\u00f5es (minist\u00e9rios). S\u00e3o precisos ac\u00f3litos.<br \/>\nO ac\u00f3lito \u00e9 aquele que acompanha o presidente da celebra\u00e7\u00e3o e que serve o altar\u2026 \u00e9 aquele que serve Jesus.<br \/>\nEste ano as <strong>forma\u00e7\u00f5es ser\u00e3o \u00e0s sextas-feiras, das 17h30 \u00e0s 18h30<\/strong>. Aceitas o desafio? Come\u00e7amos esta sexta feira, dia 16 de novembro!<br \/>\nQueres fazer parte deste grupo?<br \/>\nSe j\u00e1 fizeste a Primeira Comunh\u00e3o, porque n\u00e3o? Pensa nisso\u2026 e inscreve-te na secretaria da Par\u00f3quia ou junto do Pe. Fausto ou do Di\u00e1c. Jorge.<\/p>\n","protected":false},"excerpt":{"rendered":"<p>&nbsp; Para que a missa seja vivida, bem vivida, com tranquilidade, \u00e9 necess\u00e1rio haver pessoas que possam desempenhar v\u00e1rias fun\u00e7\u00f5es (minist\u00e9rios). S\u00e3o precisos ac\u00f3litos. O ac\u00f3lito \u00e9 aquele que acompanha o presidente da celebra\u00e7\u00e3o e que serve o altar\u2026 \u00e9 aquele que serve Jesus. Este ano as forma\u00e7\u00f5es ser\u00e3o \u00e0s sextas-feiras, das 17h30 \u00e0s 18h30. [&hellip;]<\/p>\n","protected":false},"author":1,"featured_media":5999,"comment_status":"open","ping_status":"closed","sticky":false,"template":"","format":"standard","meta":{"ngg_post_thumbnail":0},"categories":[1,4,2,6,21],"tags":[],"_links":{"self":[{"href":"http:\/\/paroquiagloria.org\/v2\/index.php?rest_route=\/wp\/v2\/posts\/7041"}],"collection":[{"href":"http:\/\/paroquiagloria.org\/v2\/index.php?rest_route=\/wp\/v2\/posts"}],"about":[{"href":"http:\/\/paroquiagloria.org\/v2\/index.php?rest_route=\/wp\/v2\/types\/post"}],"author":[{"embeddable":true,"href":"http:\/\/paroquiagloria.org\/v2\/index.php?rest_route=\/wp\/v2\/users\/1"}],"replies":[{"embeddable":true,"href":"http:\/\/paroquiagloria.org\/v2\/index.php?rest_route=%2Fwp%2Fv2%2Fcomments&post=7041"}],"version-history":[{"count":1,"href":"http:\/\/paroquiagloria.org\/v2\/index.php?rest_route=\/wp\/v2\/posts\/7041\/revisions"}],"predecessor-version":[{"id":7042,"href":"http:\/\/paroquiagloria.org\/v2\/index.php?rest_route=\/wp\/v2\/posts\/7041\/revisions\/7042"}],"wp:featuredmedia":[{"embeddable":true,"href":"http:\/\/paroquiagloria.org\/v2\/index.php?rest_route=\/wp\/v2\/media\/5999"}],"wp:attachment":[{"href":"http:\/\/paroquiagloria.org\/v2\/index.php?rest_route=%2Fwp%2Fv2%2Fmedia&parent=7041"}],"wp:term":[{"taxonomy":"category","embeddable":true,"href":"http:\/\/paroquiagloria.org\/v2\/index.php?rest_route=%2Fwp%2Fv2%2Fcategories&post=7041"},{"taxonomy":"post_tag","embeddable":true,"href":"http:\/\/paroquiagloria.org\/v2\/index.php?rest_route=%2Fwp%2Fv2%2Ftags&post=7041"}],"curies":[{"name":"wp","href":"https:\/\/api.w.org\/{rel}","templated":true}]}}