{"id":7039,"date":"2018-11-10T19:54:33","date_gmt":"2018-11-10T19:54:33","guid":{"rendered":"http:\/\/paroquiagloria.org\/v2\/?p=7039"},"modified":"2018-11-10T20:02:18","modified_gmt":"2018-11-10T20:02:18","slug":"todos-somos-seminario-de-aveiro","status":"publish","type":"post","link":"http:\/\/paroquiagloria.org\/v2\/?p=7039","title":{"rendered":"Todos somos Semin\u00e1rio de Aveiro"},"content":{"rendered":"<p><a href=\"http:\/\/paroquiagloria.org\/v2\/wp-content\/uploads\/2013\/02\/todossomosseminario.jpg\"><img loading=\"lazy\" class=\"size-full wp-image-7037 aligncenter\" src=\"http:\/\/paroquiagloria.org\/v2\/wp-content\/uploads\/2013\/02\/todossomosseminario.jpg\" alt=\"todossomosseminario\" width=\"960\" height=\"340\" srcset=\"http:\/\/paroquiagloria.org\/v2\/wp-content\/uploads\/2013\/02\/todossomosseminario.jpg 960w, http:\/\/paroquiagloria.org\/v2\/wp-content\/uploads\/2013\/02\/todossomosseminario-300x106.jpg 300w\" sizes=\"(max-width: 960px) 100vw, 960px\" \/><\/a><\/p>\n<p>&nbsp;<\/p>\n<p style=\"text-align: justify;\">Na semana de <strong>11 a 18 de novembro<\/strong> celebramos, em todas as comunidades e dioceses do pa\u00eds, a Semana dos Semin\u00e1rios, com o t\u00edtulo \u201cFormar Disc\u00edpulos Mission\u00e1rios\u201d.<br \/>\n\u201cO nosso Semin\u00e1rio n\u00e3o \u00e9 apenas o belo edif\u00edcio constru\u00eddo no cora\u00e7\u00e3o da cidade de Aveiro, mas s\u00e3o os seminaristas que nele vivem, os adolescentes que participam nos encontros do pr\u00e9-semin\u00e1rio, as fam\u00edlias que sonham com um filho sacerdote, os jovens que colocam a pergunta sobre o seu projecto de vida e as comunidades crist\u00e3s que desejam pastores segundo o cora\u00e7\u00e3o de Cristo.<br \/>\nPe\u00e7o, como pastor desta por\u00e7\u00e3o do povo de Deus, a esmola da ora\u00e7\u00e3o pelo nosso Semin\u00e1rio; a ajuda material para desempenhar, com efic\u00e1cia, a sua miss\u00e3o; e o entusiasmo de todos, sacerdotes e leigos, em chamarmos para esta bela voca\u00e7\u00e3o de entregar a vida na constru\u00e7\u00e3o de um mundo mais belo e mais fraterno.\u201d<\/p>\n<p style=\"text-align: right;\">[D. Ant\u00f3nio Moiteiro]<\/p>\n<p style=\"text-align: right;\"><a href=\"http:\/\/www.diocese-aveiro.pt\/v2\/?p=17365\" target=\"_blank\">MAIS INFO<\/a><\/p>\n<p style=\"text-align: justify;\"><a href=\"http:\/\/paroquiagloria.org\/v2\/wp-content\/uploads\/2018\/11\/banner_3819_Semana_dos_Seminarios_2018_Cartaz.jpg\"><img loading=\"lazy\" class=\"size-full wp-image-7018 aligncenter\" src=\"http:\/\/paroquiagloria.org\/v2\/wp-content\/uploads\/2018\/11\/banner_3819_Semana_dos_Seminarios_2018_Cartaz.jpg\" alt=\"banner_3819_Semana_dos_Seminarios_2018_Cartaz\" width=\"960\" height=\"450\" srcset=\"http:\/\/paroquiagloria.org\/v2\/wp-content\/uploads\/2018\/11\/banner_3819_Semana_dos_Seminarios_2018_Cartaz.jpg 960w, http:\/\/paroquiagloria.org\/v2\/wp-content\/uploads\/2018\/11\/banner_3819_Semana_dos_Seminarios_2018_Cartaz-300x141.jpg 300w\" sizes=\"(max-width: 960px) 100vw, 960px\" \/><\/a><\/p>\n<p style=\"text-align: justify;\">\r\n\t\t\t<div class='et-tabs-container et_sliderfx_fade et_sliderauto_false et_sliderauto_speed_5000 et_slidertype_top_tabs'>\r\n\t\t\t\t<ul class='et-tabs-control'>\r\n\t\t\t<li><a href='#'>\r\n\t\t\t\r\n\t\t<\/a><\/li>\r\n\t\t<\/ul> <!-- .et-tabs-control --> \r\n\t\t<div class='et-tabs-content'>\r\n\t\t\t<div class='et-tabs-content-wrapper'>\r\n\t\t\t\t<div class='et_slidecontent'>\r\n\t\t\t\u00a8 17 de novembro &#8211; 21h: Vig\u00edlia de ora\u00e7\u00e3o pelos Semin\u00e1rios na Igreja de Avanca. \u00a8 18 de novembro &#8211; 16h: Eucaristia de encerramento na Igreja do Semin\u00e1rio.\r\n\t\t<\/div>\r\n\t\t\t<\/div>\r\n\t\t<\/div>\r\n\t\t\t<\/div> <!-- .et-tabs-container --><\/p>\n<p style=\"text-align: justify;\"><a href=\"http:\/\/paroquiagloria.org\/v2\/wp-content\/uploads\/2018\/11\/Semana_dos_Seminarios_2018_Cartaz-1.jpg\"><img loading=\"lazy\" class=\"size-full wp-image-7025 aligncenter\" src=\"http:\/\/paroquiagloria.org\/v2\/wp-content\/uploads\/2018\/11\/Semana_dos_Seminarios_2018_Cartaz-1.jpg\" alt=\"Semana_dos_Seminarios_2018_Cartaz (1)\" width=\"635\" height=\"898\" srcset=\"http:\/\/paroquiagloria.org\/v2\/wp-content\/uploads\/2018\/11\/Semana_dos_Seminarios_2018_Cartaz-1.jpg 635w, http:\/\/paroquiagloria.org\/v2\/wp-content\/uploads\/2018\/11\/Semana_dos_Seminarios_2018_Cartaz-1-212x300.jpg 212w\" sizes=\"(max-width: 635px) 100vw, 635px\" \/><\/a><\/p>\n<h2 style=\"text-align: right;\"><a href=\"http:\/\/www.diocese-aveiro.pt\/v2\/?p=17386\" target=\"_blank\">MAIS INFO<\/a><\/h2>\n<h2 style=\"text-align: center;\"><strong>ORA\u00c7\u00c3O<\/strong><\/h2>\n<p style=\"text-align: center;\">Deus Trindade,<br \/>\nsabes o quanto somos mendigos de Ti.<br \/>\n\u00c0 beira do caminho procuramos a luz<br \/>\nque d\u00e1 mais sentido aos nossos dias<br \/>\ne cura todas as nossas cegueiras.<br \/>\nTu passas sempre pela nossa vida<br \/>\ne acendes em cada um de n\u00f3s<br \/>\no desejo de sermos Teus disc\u00edpulos.<br \/>\nNa Tua estrada queremos ser formados.<br \/>\nNas Tuas palavras e nos Teus gestos,<br \/>\nSer instrumentos da Tua gra\u00e7a.<br \/>\nJuntos no caminho,<br \/>\nqueremos ser comunidade<br \/>\nenviada em miss\u00e3o<br \/>\nRezamos por todos os que arriscam seguir-Te,<br \/>\nespecialmente os seminaristas e pr\u00e9-seminaristas.<br \/>\nRezamos ainda por todos aqueles<br \/>\nque se entregam totalmente a Ti<br \/>\ne colocam a sua vida nas Tuas m\u00e3os<br \/>\nPedimos-Te que continues<br \/>\na despertar os cora\u00e7\u00f5es adormecidos<br \/>\npara que mais jovens das nossas comunidades<br \/>\naceitem o desafio de Te seguir.<\/p>\n<p style=\"text-align: center;\"><a href=\"http:\/\/paroquiagloria.org\/v2\/wp-content\/uploads\/2018\/10\/banner_preseminario-1024x393.jpg\"><img loading=\"lazy\" class=\"size-full wp-image-6975 aligncenter\" src=\"http:\/\/paroquiagloria.org\/v2\/wp-content\/uploads\/2018\/10\/banner_preseminario-1024x393.jpg\" alt=\"banner_preseminario-1024x393\" width=\"960\" height=\"450\" srcset=\"http:\/\/paroquiagloria.org\/v2\/wp-content\/uploads\/2018\/10\/banner_preseminario-1024x393.jpg 960w, http:\/\/paroquiagloria.org\/v2\/wp-content\/uploads\/2018\/10\/banner_preseminario-1024x393-300x141.jpg 300w\" sizes=\"(max-width: 960px) 100vw, 960px\" \/><\/a><\/p>\n<h4 style=\"text-align: justify;\"><strong>Pr\u00f3ximos encontros do Pr\u00e9-Semin\u00e1rio<\/strong><\/h4>\n<p>\u00a8 Para os rapazes do 7\u00ba e 8\u00ba ano: 15 e 16 de Dezembro<br \/>\n\u00a8 Para os rapazes do 9\u00ba e secund\u00e1rio: 17 a 18 de novembro e 17 a 20 dezembro<br \/>\n\u00a8 Para os rapazes +18: 21 a 22 de dezembro<\/p>\n","protected":false},"excerpt":{"rendered":"<p>&nbsp; Na semana de 11 a 18 de novembro celebramos, em todas as comunidades e dioceses do pa\u00eds, a Semana dos Semin\u00e1rios, com o t\u00edtulo \u201cFormar Disc\u00edpulos Mission\u00e1rios\u201d. \u201cO nosso Semin\u00e1rio n\u00e3o \u00e9 apenas o belo edif\u00edcio constru\u00eddo no cora\u00e7\u00e3o da cidade de Aveiro, mas s\u00e3o os seminaristas que nele vivem, os adolescentes que participam [&hellip;]<\/p>\n","protected":false},"author":1,"featured_media":7035,"comment_status":"open","ping_status":"closed","sticky":false,"template":"","format":"standard","meta":{"ngg_post_thumbnail":0},"categories":[1,4,2,6,21],"tags":[],"_links":{"self":[{"href":"http:\/\/paroquiagloria.org\/v2\/index.php?rest_route=\/wp\/v2\/posts\/7039"}],"collection":[{"href":"http:\/\/paroquiagloria.org\/v2\/index.php?rest_route=\/wp\/v2\/posts"}],"about":[{"href":"http:\/\/paroquiagloria.org\/v2\/index.php?rest_route=\/wp\/v2\/types\/post"}],"author":[{"embeddable":true,"href":"http:\/\/paroquiagloria.org\/v2\/index.php?rest_route=\/wp\/v2\/users\/1"}],"replies":[{"embeddable":true,"href":"http:\/\/paroquiagloria.org\/v2\/index.php?rest_route=%2Fwp%2Fv2%2Fcomments&post=7039"}],"version-history":[{"count":3,"href":"http:\/\/paroquiagloria.org\/v2\/index.php?rest_route=\/wp\/v2\/posts\/7039\/revisions"}],"predecessor-version":[{"id":7048,"href":"http:\/\/paroquiagloria.org\/v2\/index.php?rest_route=\/wp\/v2\/posts\/7039\/revisions\/7048"}],"wp:featuredmedia":[{"embeddable":true,"href":"http:\/\/paroquiagloria.org\/v2\/index.php?rest_route=\/wp\/v2\/media\/7035"}],"wp:attachment":[{"href":"http:\/\/paroquiagloria.org\/v2\/index.php?rest_route=%2Fwp%2Fv2%2Fmedia&parent=7039"}],"wp:term":[{"taxonomy":"category","embeddable":true,"href":"http:\/\/paroquiagloria.org\/v2\/index.php?rest_route=%2Fwp%2Fv2%2Fcategories&post=7039"},{"taxonomy":"post_tag","embeddable":true,"href":"http:\/\/paroquiagloria.org\/v2\/index.php?rest_route=%2Fwp%2Fv2%2Ftags&post=7039"}],"curies":[{"name":"wp","href":"https:\/\/api.w.org\/{rel}","templated":true}]}}