{"id":7024,"date":"2018-11-03T20:17:34","date_gmt":"2018-11-03T20:17:34","guid":{"rendered":"http:\/\/paroquiagloria.org\/v2\/?p=7024"},"modified":"2018-11-03T20:17:34","modified_gmt":"2018-11-03T20:17:34","slug":"semana-dos-seminarios-2","status":"publish","type":"post","link":"http:\/\/paroquiagloria.org\/v2\/?p=7024","title":{"rendered":"Semana dos Semin\u00e1rios"},"content":{"rendered":"<p><a href=\"http:\/\/paroquiagloria.org\/v2\/wp-content\/uploads\/2018\/11\/Semana_dos_Seminarios_2018_Cartaz-1.jpg\"><img loading=\"lazy\" class=\"size-full wp-image-7025 aligncenter\" src=\"http:\/\/paroquiagloria.org\/v2\/wp-content\/uploads\/2018\/11\/Semana_dos_Seminarios_2018_Cartaz-1.jpg\" alt=\"Semana_dos_Seminarios_2018_Cartaz (1)\" width=\"635\" height=\"898\" srcset=\"http:\/\/paroquiagloria.org\/v2\/wp-content\/uploads\/2018\/11\/Semana_dos_Seminarios_2018_Cartaz-1.jpg 635w, http:\/\/paroquiagloria.org\/v2\/wp-content\/uploads\/2018\/11\/Semana_dos_Seminarios_2018_Cartaz-1-212x300.jpg 212w\" sizes=\"(max-width: 635px) 100vw, 635px\" \/><\/a><\/p>\n<p>&nbsp;<\/p>\n<p style=\"text-align: justify;\">A Semana dos Semin\u00e1rios \u00e9 momento especial para olhar com mais aten\u00e7\u00e3o e cuidado para esta importante realidade da vida da Igreja. Um olhar de confian\u00e7a e esperan\u00e7a no Senhor que n\u00e3o deixa de chamar trabalhadores para a sua messe e no seu Esp\u00edrito que os prepara e habilita para serem os evangelizadores que o mundo de hoje precisa.<br \/>\nO tema desta semana &#8211; \u00abFormar disc\u00edpulos mission\u00e1rios\u00bb &#8211; sublinha o objetivo fundamental dos semin\u00e1rios apontado no mais recente documento da Congrega\u00e7\u00e3o do Clero, (<em>Ratio fundamentalis institutionis sacerdotalis<\/em>): \u00abA ideia de fundo \u00e9 que os semin\u00e1rios possam formar disc\u00edpulos mission\u00e1rios, \u201cenamorados do Mestre\u201d, pastores com o \u201ccheiro das ovelhas\u201d, que vivam no meio delas para servi-las e conduzi-las \u00e0 miseric\u00f3rdia de Deus\u00bb.<\/p>\n<p style=\"text-align: right;\">da Mensagem de:<\/p>\n<p style=\"text-align: right;\">+Ant\u00f3nio Augusto de Oliveira Azevedo<\/p>\n<p style=\"text-align: right;\">Presidente da Comiss\u00e3o Episcopal das Voca\u00e7\u00f5es e Minist\u00e9rios<\/p>\n<p style=\"text-align: right;\"><a href=\"http:\/\/www.diocese-porto.pt\/index.php?option=com_content&amp;view=article&amp;id=3819:semana-dos-seminarios-2018&amp;catid=186:noticiassecretariados&amp;Itemid=326\" target=\"_blank\">MENSAGEM INTEGRAL<\/a><\/p>\n<p style=\"text-align: right;\">\n<p style=\"text-align: left;\"><a href=\"http:\/\/www.diocese-porto.pt\/attachments\/3819_Semana_dos_Seminarios_2018_Guiao.pdf\" target=\"_blank\">GUI\u00c3O<\/a><\/p>\n<p style=\"text-align: left;\"><a href=\"http:\/\/www.diocese-porto.pt\/attachments\/3819_Semana_dos_Seminarios_2018_Oracao.pdf\" target=\"_blank\">ORA\u00c7\u00c3O<\/a><\/p>\n<p>&nbsp;<\/p>\n<p>&nbsp;<\/p>\n","protected":false},"excerpt":{"rendered":"<p>&nbsp; A Semana dos Semin\u00e1rios \u00e9 momento especial para olhar com mais aten\u00e7\u00e3o e cuidado para esta importante realidade da vida da Igreja. Um olhar de confian\u00e7a e esperan\u00e7a no Senhor que n\u00e3o deixa de chamar trabalhadores para a sua messe e no seu Esp\u00edrito que os prepara e habilita para serem os evangelizadores que [&hellip;]<\/p>\n","protected":false},"author":1,"featured_media":7018,"comment_status":"open","ping_status":"closed","sticky":false,"template":"","format":"standard","meta":{"ngg_post_thumbnail":0},"categories":[1,4,2,6,21],"tags":[],"_links":{"self":[{"href":"http:\/\/paroquiagloria.org\/v2\/index.php?rest_route=\/wp\/v2\/posts\/7024"}],"collection":[{"href":"http:\/\/paroquiagloria.org\/v2\/index.php?rest_route=\/wp\/v2\/posts"}],"about":[{"href":"http:\/\/paroquiagloria.org\/v2\/index.php?rest_route=\/wp\/v2\/types\/post"}],"author":[{"embeddable":true,"href":"http:\/\/paroquiagloria.org\/v2\/index.php?rest_route=\/wp\/v2\/users\/1"}],"replies":[{"embeddable":true,"href":"http:\/\/paroquiagloria.org\/v2\/index.php?rest_route=%2Fwp%2Fv2%2Fcomments&post=7024"}],"version-history":[{"count":1,"href":"http:\/\/paroquiagloria.org\/v2\/index.php?rest_route=\/wp\/v2\/posts\/7024\/revisions"}],"predecessor-version":[{"id":7026,"href":"http:\/\/paroquiagloria.org\/v2\/index.php?rest_route=\/wp\/v2\/posts\/7024\/revisions\/7026"}],"wp:featuredmedia":[{"embeddable":true,"href":"http:\/\/paroquiagloria.org\/v2\/index.php?rest_route=\/wp\/v2\/media\/7018"}],"wp:attachment":[{"href":"http:\/\/paroquiagloria.org\/v2\/index.php?rest_route=%2Fwp%2Fv2%2Fmedia&parent=7024"}],"wp:term":[{"taxonomy":"category","embeddable":true,"href":"http:\/\/paroquiagloria.org\/v2\/index.php?rest_route=%2Fwp%2Fv2%2Fcategories&post=7024"},{"taxonomy":"post_tag","embeddable":true,"href":"http:\/\/paroquiagloria.org\/v2\/index.php?rest_route=%2Fwp%2Fv2%2Ftags&post=7024"}],"curies":[{"name":"wp","href":"https:\/\/api.w.org\/{rel}","templated":true}]}}