{"id":7000,"date":"2018-10-27T17:26:46","date_gmt":"2018-10-27T17:26:46","guid":{"rendered":"http:\/\/paroquiagloria.org\/v2\/?p=7000"},"modified":"2018-10-27T17:26:46","modified_gmt":"2018-10-27T17:26:46","slug":"pre-seminario-marcar-na-agenda-2","status":"publish","type":"post","link":"http:\/\/paroquiagloria.org\/v2\/?p=7000","title":{"rendered":"Pr\u00e9-Semin\u00e1rio: marcar na agenda"},"content":{"rendered":"<p>&nbsp;<\/p>\n<p><a href=\"http:\/\/paroquiagloria.org\/v2\/wp-content\/uploads\/2014\/05\/preseminario.jpg\"><img loading=\"lazy\" class=\"size-large wp-image-2287 aligncenter\" src=\"http:\/\/paroquiagloria.org\/v2\/wp-content\/uploads\/2014\/05\/preseminario-1024x393.jpg\" alt=\"preseminario\" width=\"1024\" height=\"393\" srcset=\"http:\/\/paroquiagloria.org\/v2\/wp-content\/uploads\/2014\/05\/preseminario-1024x393.jpg 1024w, http:\/\/paroquiagloria.org\/v2\/wp-content\/uploads\/2014\/05\/preseminario-300x115.jpg 300w, http:\/\/paroquiagloria.org\/v2\/wp-content\/uploads\/2014\/05\/preseminario.jpg 1290w\" sizes=\"(max-width: 1024px) 100vw, 1024px\" \/><\/a><\/p>\n<p>No pr\u00f3ximo dia 10 de Novembro haver\u00e1 um encontro do pr\u00e9-semin\u00e1rio para rapazes que estejam no 5\u00ba e 6\u00ba ano da escola. As inscri\u00e7\u00f5es podem ser feitas no cart\u00f3rio paroquial, na Igreja, no Semin\u00e1rio de Aveiro ou atrav\u00e9s de e-mail: pre@seminarioaveiro.org<br \/>\nO cuidado pelas voca\u00e7\u00f5es \u00e9 da responsabilidade de todos. \u00c9 importante rezar pela voca\u00e7\u00f5es, mas tamb\u00e9m devemos estar atentos para tamb\u00e9m ajudar os jovens a descobrir a vontade de Deus para a sua vida.<\/p>\n<p>&nbsp;<\/p>\n<p>&nbsp;<\/p>\n","protected":false},"excerpt":{"rendered":"<p>&nbsp; No pr\u00f3ximo dia 10 de Novembro haver\u00e1 um encontro do pr\u00e9-semin\u00e1rio para rapazes que estejam no 5\u00ba e 6\u00ba ano da escola. As inscri\u00e7\u00f5es podem ser feitas no cart\u00f3rio paroquial, na Igreja, no Semin\u00e1rio de Aveiro ou atrav\u00e9s de e-mail: pre@seminarioaveiro.org O cuidado pelas voca\u00e7\u00f5es \u00e9 da responsabilidade de todos. \u00c9 importante rezar pela [&hellip;]<\/p>\n","protected":false},"author":1,"featured_media":6975,"comment_status":"open","ping_status":"closed","sticky":false,"template":"","format":"standard","meta":{"ngg_post_thumbnail":0},"categories":[1,4,2,6,21],"tags":[],"_links":{"self":[{"href":"http:\/\/paroquiagloria.org\/v2\/index.php?rest_route=\/wp\/v2\/posts\/7000"}],"collection":[{"href":"http:\/\/paroquiagloria.org\/v2\/index.php?rest_route=\/wp\/v2\/posts"}],"about":[{"href":"http:\/\/paroquiagloria.org\/v2\/index.php?rest_route=\/wp\/v2\/types\/post"}],"author":[{"embeddable":true,"href":"http:\/\/paroquiagloria.org\/v2\/index.php?rest_route=\/wp\/v2\/users\/1"}],"replies":[{"embeddable":true,"href":"http:\/\/paroquiagloria.org\/v2\/index.php?rest_route=%2Fwp%2Fv2%2Fcomments&post=7000"}],"version-history":[{"count":1,"href":"http:\/\/paroquiagloria.org\/v2\/index.php?rest_route=\/wp\/v2\/posts\/7000\/revisions"}],"predecessor-version":[{"id":7001,"href":"http:\/\/paroquiagloria.org\/v2\/index.php?rest_route=\/wp\/v2\/posts\/7000\/revisions\/7001"}],"wp:featuredmedia":[{"embeddable":true,"href":"http:\/\/paroquiagloria.org\/v2\/index.php?rest_route=\/wp\/v2\/media\/6975"}],"wp:attachment":[{"href":"http:\/\/paroquiagloria.org\/v2\/index.php?rest_route=%2Fwp%2Fv2%2Fmedia&parent=7000"}],"wp:term":[{"taxonomy":"category","embeddable":true,"href":"http:\/\/paroquiagloria.org\/v2\/index.php?rest_route=%2Fwp%2Fv2%2Fcategories&post=7000"},{"taxonomy":"post_tag","embeddable":true,"href":"http:\/\/paroquiagloria.org\/v2\/index.php?rest_route=%2Fwp%2Fv2%2Ftags&post=7000"}],"curies":[{"name":"wp","href":"https:\/\/api.w.org\/{rel}","templated":true}]}}