{"id":6998,"date":"2018-10-27T17:25:26","date_gmt":"2018-10-27T17:25:26","guid":{"rendered":"http:\/\/paroquiagloria.org\/v2\/?p=6998"},"modified":"2018-10-27T17:25:26","modified_gmt":"2018-10-27T17:25:26","slug":"sinodo-dos-bispos-resumo-da-iii-semana","status":"publish","type":"post","link":"http:\/\/paroquiagloria.org\/v2\/?p=6998","title":{"rendered":"S\u00ednodo dos Bispos:  resumo da III semana"},"content":{"rendered":"<p><a href=\"http:\/\/paroquiagloria.org\/v2\/wp-content\/uploads\/2018\/09\/sinodo2018_banner.jpg\"><img loading=\"lazy\" class=\"size-large wp-image-6884 aligncenter\" src=\"http:\/\/paroquiagloria.org\/v2\/wp-content\/uploads\/2018\/09\/sinodo2018_banner-1024x334.jpg\" alt=\"sinodo2018_banner\" width=\"1024\" height=\"334\" srcset=\"http:\/\/paroquiagloria.org\/v2\/wp-content\/uploads\/2018\/09\/sinodo2018_banner-1024x334.jpg 1024w, http:\/\/paroquiagloria.org\/v2\/wp-content\/uploads\/2018\/09\/sinodo2018_banner-300x98.jpg 300w, http:\/\/paroquiagloria.org\/v2\/wp-content\/uploads\/2018\/09\/sinodo2018_banner.jpg 1776w\" sizes=\"(max-width: 1024px) 100vw, 1024px\" \/><\/a><\/p>\n<p>&nbsp;<\/p>\n<p>As escolhas pastorais para melhor responder aos desafios dos jovens. Foram enumerados mais alguns:<\/p>\n<p style=\"padding-left: 30px;\">\n<strong>i)<\/strong> SERVI\u00c7O: A Igreja deve valorizar a dimens\u00e3o juvenil da miss\u00e3o. O servi\u00e7o deve ser tido como instrumento precioso para que o jovem possa crescer numa f\u00e9 posta ao servi\u00e7o dos outros.<br \/>\n<strong>ii)<\/strong> DI\u00c1LOGO: Os jovens s\u00e3o chamados a ser protagonistas da vida da Igreja, mas tamb\u00e9m por isso responsabilizados pelos caminhos que a Igreja vai tomando. N\u00e3o esquecendo que \u201cn\u00e3o h\u00e1 futuro sem mem\u00f3ria\u201d.<br \/>\n<strong>iii)<\/strong> SOLIDARIEDADE: Os jovens devem ser verdadeiramente acompanha-dos, em todas as dimens\u00f5es da sua vida, independentemente de quem s\u00e3o, das suas fragilidades, at\u00e9 mesmo as espirituais.<\/p>\n<p>O Papa Francisco apontou o S\u00e3o Jo\u00e3o Paulo II como modelo de f\u00e9 para quem os jovens devem olhar.<\/p>\n<p>&nbsp;<\/p>\n<p>+info: <a href=\"https:\/\/redemundialdeoracaodopapa.pt\/atualidade\/529\" target=\"_blank\">AQUI<\/a><\/p>\n","protected":false},"excerpt":{"rendered":"<p>&nbsp; As escolhas pastorais para melhor responder aos desafios dos jovens. Foram enumerados mais alguns: i) SERVI\u00c7O: A Igreja deve valorizar a dimens\u00e3o juvenil da miss\u00e3o. O servi\u00e7o deve ser tido como instrumento precioso para que o jovem possa crescer numa f\u00e9 posta ao servi\u00e7o dos outros. ii) DI\u00c1LOGO: Os jovens s\u00e3o chamados a ser [&hellip;]<\/p>\n","protected":false},"author":1,"featured_media":6320,"comment_status":"open","ping_status":"closed","sticky":false,"template":"","format":"standard","meta":{"ngg_post_thumbnail":0},"categories":[1,4,2,6],"tags":[],"_links":{"self":[{"href":"http:\/\/paroquiagloria.org\/v2\/index.php?rest_route=\/wp\/v2\/posts\/6998"}],"collection":[{"href":"http:\/\/paroquiagloria.org\/v2\/index.php?rest_route=\/wp\/v2\/posts"}],"about":[{"href":"http:\/\/paroquiagloria.org\/v2\/index.php?rest_route=\/wp\/v2\/types\/post"}],"author":[{"embeddable":true,"href":"http:\/\/paroquiagloria.org\/v2\/index.php?rest_route=\/wp\/v2\/users\/1"}],"replies":[{"embeddable":true,"href":"http:\/\/paroquiagloria.org\/v2\/index.php?rest_route=%2Fwp%2Fv2%2Fcomments&post=6998"}],"version-history":[{"count":1,"href":"http:\/\/paroquiagloria.org\/v2\/index.php?rest_route=\/wp\/v2\/posts\/6998\/revisions"}],"predecessor-version":[{"id":6999,"href":"http:\/\/paroquiagloria.org\/v2\/index.php?rest_route=\/wp\/v2\/posts\/6998\/revisions\/6999"}],"wp:featuredmedia":[{"embeddable":true,"href":"http:\/\/paroquiagloria.org\/v2\/index.php?rest_route=\/wp\/v2\/media\/6320"}],"wp:attachment":[{"href":"http:\/\/paroquiagloria.org\/v2\/index.php?rest_route=%2Fwp%2Fv2%2Fmedia&parent=6998"}],"wp:term":[{"taxonomy":"category","embeddable":true,"href":"http:\/\/paroquiagloria.org\/v2\/index.php?rest_route=%2Fwp%2Fv2%2Fcategories&post=6998"},{"taxonomy":"post_tag","embeddable":true,"href":"http:\/\/paroquiagloria.org\/v2\/index.php?rest_route=%2Fwp%2Fv2%2Ftags&post=6998"}],"curies":[{"name":"wp","href":"https:\/\/api.w.org\/{rel}","templated":true}]}}