{"id":6630,"date":"2018-05-26T19:18:38","date_gmt":"2018-05-26T19:18:38","guid":{"rendered":"http:\/\/paroquiagloria.org\/v2\/?p=6630"},"modified":"2018-05-26T19:18:38","modified_gmt":"2018-05-26T19:18:38","slug":"congresso-eucaristico-diocesano-dia-da-igreja-diocesana","status":"publish","type":"post","link":"http:\/\/paroquiagloria.org\/v2\/?p=6630","title":{"rendered":"Congresso Eucar\u00edstico Diocesano + Dia da Igreja Diocesana"},"content":{"rendered":"<p><a href=\"http:\/\/paroquiagloria.org\/v2\/wp-content\/uploads\/2018\/05\/DID_2018.jpg\"><img loading=\"lazy\" class=\"size-full wp-image-6601 aligncenter\" src=\"http:\/\/paroquiagloria.org\/v2\/wp-content\/uploads\/2018\/05\/DID_2018.jpg\" alt=\"DID_2018\" width=\"1000\" height=\"384\" srcset=\"http:\/\/paroquiagloria.org\/v2\/wp-content\/uploads\/2018\/05\/DID_2018.jpg 1000w, http:\/\/paroquiagloria.org\/v2\/wp-content\/uploads\/2018\/05\/DID_2018-300x115.jpg 300w\" sizes=\"(max-width: 1000px) 100vw, 1000px\" \/><\/a><\/p>\n<p>&nbsp;<\/p>\n<p><strong>Congresso Eucar\u00edstico Diocesano<\/strong> (Ado<em>ra\u00e7\u00e3o ao Sant\u00edssimo<\/em>)<\/p>\n<p><a href=\"http:\/\/paroquiagloria.org\/v2\/wp-content\/uploads\/2018\/05\/lausperene_banner.jpg\"><img loading=\"lazy\" class=\"alignnone size-full wp-image-6631\" src=\"http:\/\/paroquiagloria.org\/v2\/wp-content\/uploads\/2018\/05\/lausperene_banner.jpg\" alt=\"lausperene_banner\" width=\"960\" height=\"340\" srcset=\"http:\/\/paroquiagloria.org\/v2\/wp-content\/uploads\/2018\/05\/lausperene_banner.jpg 960w, http:\/\/paroquiagloria.org\/v2\/wp-content\/uploads\/2018\/05\/lausperene_banner-300x106.jpg 300w\" sizes=\"(max-width: 960px) 100vw, 960px\" \/><\/a><\/p>\n<p>A n\u00edvel paroquial decorre, durante todo o dia, na v\u00e9spera do congresso, ou seja no dia 1 de junho, um dia de Adora\u00e7\u00e3o ao Sant\u00edssimo Sacramento.\u00a0Os grupos est\u00e3o organizados, mas todos os Paroquianos s\u00e3o convidados a participar ao longo do dia na adora\u00e7\u00e3o.<\/p>\n<p>Proposta de esquemas de ora\u00e7\u00e3o\u00a0<a href=\"http:\/\/www.diocese-aveiro.pt\/v2\/?p=16416\" target=\"_blank\">AQUI<\/a><\/p>\n<p>&nbsp;<\/p>\n<p><strong>09h00<\/strong> \u00a0&#8211; \u00a0Exposi\u00e7\u00e3o do Sant\u00edssimo Sacramento;<\/p>\n<p><strong>10h00<\/strong> \u00a0&#8211; \u00a0Momentos de Adora\u00e7\u00e3o por grupos:<\/p>\n<p style=\"padding-left: 60px;\">10h &#8211; 11h \u00a0&#8211; \u00a0 OFS<br \/>\n11h -12h \u00a0 &#8211; \u00a0 Visitadores de Doentes<br \/>\n12h -15h \u00a0&#8211; \u00a0Catequistas<br \/>\n15h -16h \u00a0&#8211; \u00a0Movimento &#8220;Vida\u00a0Ascendente&#8221;<br \/>\n16h -17h \u00a0&#8211; \u00a0M.E.C.s<br \/>\n17h &#8211; 18h \u00a0&#8211; \u00a0Consagradas<\/p>\n<p><strong>18h30\u00a0<\/strong> &#8211; \u00a0V\u00e9speras, seguida de Reposi\u00e7\u00e3o do Sant\u00edssimo<\/p>\n<p>&nbsp;<\/p>\n<p>_____________________________________________<\/p>\n<p>&nbsp;<\/p>\n<p><strong>\u201cDai-lhe v\u00f3s mesmo de comer\u201d<\/strong><\/p>\n<p><strong>Dia da Igreja Diocesana \u2013 Programa (3 de Junho)<\/strong><\/p>\n<p>10h00 \u2013 <a href=\"http:\/\/www.diocese-aveiro.pt\/v2\/wp-content\/uploads\/2018\/05\/concentracao_e_percursos.jpg\" target=\"_blank\" rel=\"noopener\">Concentra\u00e7\u00e3o<\/a>, em 10 locais da Cidade de Aveiro, por Arciprestados<br \/>\n10h15 \u2013 In\u00edcio da caminhada tendo como destino a Avenida da T\u00edlias no Parque Infante D. Pedro<br \/>\n11h00 \u2013 Apresenta\u00e7\u00e3o dos s\u00edmbolos arciprestais<br \/>\n11h30 \u2013 Eucaristia<br \/>\n13h00 \u2013 Almo\u00e7o\/conv\u00edvio nos espa\u00e7os do Parque Infante D. Pedro<br \/>\n14h00 \u2013 Atua\u00e7\u00f5es\/partilhas dos arciprestados<br \/>\n17h00 \u2013 Conclus\u00e3o da atividade<\/p>\n<p>&nbsp;<\/p>\n<p>&nbsp;<\/p>\n<p>&nbsp;<\/p>\n<p>&nbsp;<\/p>\n","protected":false},"excerpt":{"rendered":"<p>&nbsp; Congresso Eucar\u00edstico Diocesano (Adora\u00e7\u00e3o ao Sant\u00edssimo) A n\u00edvel paroquial decorre, durante todo o dia, na v\u00e9spera do congresso, ou seja no dia 1 de junho, um dia de Adora\u00e7\u00e3o ao Sant\u00edssimo Sacramento.\u00a0Os grupos est\u00e3o organizados, mas todos os Paroquianos s\u00e3o convidados a participar ao longo do dia na adora\u00e7\u00e3o. Proposta de esquemas de ora\u00e7\u00e3o\u00a0AQUI [&hellip;]<\/p>\n","protected":false},"author":1,"featured_media":6633,"comment_status":"open","ping_status":"closed","sticky":false,"template":"","format":"standard","meta":{"ngg_post_thumbnail":0},"categories":[1,4,2,6,19],"tags":[],"_links":{"self":[{"href":"http:\/\/paroquiagloria.org\/v2\/index.php?rest_route=\/wp\/v2\/posts\/6630"}],"collection":[{"href":"http:\/\/paroquiagloria.org\/v2\/index.php?rest_route=\/wp\/v2\/posts"}],"about":[{"href":"http:\/\/paroquiagloria.org\/v2\/index.php?rest_route=\/wp\/v2\/types\/post"}],"author":[{"embeddable":true,"href":"http:\/\/paroquiagloria.org\/v2\/index.php?rest_route=\/wp\/v2\/users\/1"}],"replies":[{"embeddable":true,"href":"http:\/\/paroquiagloria.org\/v2\/index.php?rest_route=%2Fwp%2Fv2%2Fcomments&post=6630"}],"version-history":[{"count":1,"href":"http:\/\/paroquiagloria.org\/v2\/index.php?rest_route=\/wp\/v2\/posts\/6630\/revisions"}],"predecessor-version":[{"id":6634,"href":"http:\/\/paroquiagloria.org\/v2\/index.php?rest_route=\/wp\/v2\/posts\/6630\/revisions\/6634"}],"wp:featuredmedia":[{"embeddable":true,"href":"http:\/\/paroquiagloria.org\/v2\/index.php?rest_route=\/wp\/v2\/media\/6633"}],"wp:attachment":[{"href":"http:\/\/paroquiagloria.org\/v2\/index.php?rest_route=%2Fwp%2Fv2%2Fmedia&parent=6630"}],"wp:term":[{"taxonomy":"category","embeddable":true,"href":"http:\/\/paroquiagloria.org\/v2\/index.php?rest_route=%2Fwp%2Fv2%2Fcategories&post=6630"},{"taxonomy":"post_tag","embeddable":true,"href":"http:\/\/paroquiagloria.org\/v2\/index.php?rest_route=%2Fwp%2Fv2%2Ftags&post=6630"}],"curies":[{"name":"wp","href":"https:\/\/api.w.org\/{rel}","templated":true}]}}