{"id":5757,"date":"2017-07-15T18:31:11","date_gmt":"2017-07-15T18:31:11","guid":{"rendered":"http:\/\/paroquiagloria.org\/v2\/?p=5757"},"modified":"2017-07-15T18:44:31","modified_gmt":"2017-07-15T18:44:31","slug":"peregrinacao-a-santiago","status":"publish","type":"post","link":"http:\/\/paroquiagloria.org\/v2\/?p=5757","title":{"rendered":"Peregrina\u00e7\u00e3o a Santiago"},"content":{"rendered":"<p>&nbsp;<\/p>\n<p><a href=\"http:\/\/paroquiagloria.org\/v2\/wp-content\/uploads\/2017\/07\/CAMINHO_PORT_SANTIAGO_vf_1_1_725_999.png\"><img loading=\"lazy\" class=\"alignnone size-full wp-image-5758\" src=\"http:\/\/paroquiagloria.org\/v2\/wp-content\/uploads\/2017\/07\/CAMINHO_PORT_SANTIAGO_vf_1_1_725_999.png\" alt=\"CAMINHO_PORT_SANTIAGO_vf_1_1_725_999\" width=\"725\" height=\"200\" srcset=\"http:\/\/paroquiagloria.org\/v2\/wp-content\/uploads\/2017\/07\/CAMINHO_PORT_SANTIAGO_vf_1_1_725_999.png 725w, http:\/\/paroquiagloria.org\/v2\/wp-content\/uploads\/2017\/07\/CAMINHO_PORT_SANTIAGO_vf_1_1_725_999-300x83.png 300w\" sizes=\"(max-width: 725px) 100vw, 725px\" \/><\/a><\/p>\n<p>&nbsp;<\/p>\n<p style=\"text-align: justify;\">De 24 a 29 de julho ir\u00e1 decorrer uma peregrina\u00e7\u00e3o a Santiago de Compostela levada a cabo por jovens universit\u00e1rios e por jovens do grupo Disc\u00edpulos com Pinta da nossa par\u00f3quia. As tr\u00eas dezenas de participantes receber\u00e3o a b\u00ean\u00e7\u00e3o do peregrino na eucaristia das 19h na nossa igreja, no pr\u00f3ximo domingo. A peregrina\u00e7\u00e3o a p\u00e9 iniciar\u00e1 em Vigo, passar\u00e1 por Redondela, Pontevedra, Caldas del Rey, Padr\u00f3n chegando a Santiago. Trata-se verdadeiramente de uma peregrina\u00e7\u00e3o que tem como lema &#8220;Para cada prova, uma esperan\u00e7a&#8221; e que tem vindo a ser preparada h\u00e1 alguns meses.<\/p>\n","protected":false},"excerpt":{"rendered":"<p>&nbsp; &nbsp; De 24 a 29 de julho ir\u00e1 decorrer uma peregrina\u00e7\u00e3o a Santiago de Compostela levada a cabo por jovens universit\u00e1rios e por jovens do grupo Disc\u00edpulos com Pinta da nossa par\u00f3quia. As tr\u00eas dezenas de participantes receber\u00e3o a b\u00ean\u00e7\u00e3o do peregrino na eucaristia das 19h na nossa igreja, no pr\u00f3ximo domingo. A peregrina\u00e7\u00e3o [&hellip;]<\/p>\n","protected":false},"author":1,"featured_media":5759,"comment_status":"open","ping_status":"closed","sticky":false,"template":"","format":"standard","meta":{"ngg_post_thumbnail":0},"categories":[1,4,2,6,19],"tags":[],"_links":{"self":[{"href":"http:\/\/paroquiagloria.org\/v2\/index.php?rest_route=\/wp\/v2\/posts\/5757"}],"collection":[{"href":"http:\/\/paroquiagloria.org\/v2\/index.php?rest_route=\/wp\/v2\/posts"}],"about":[{"href":"http:\/\/paroquiagloria.org\/v2\/index.php?rest_route=\/wp\/v2\/types\/post"}],"author":[{"embeddable":true,"href":"http:\/\/paroquiagloria.org\/v2\/index.php?rest_route=\/wp\/v2\/users\/1"}],"replies":[{"embeddable":true,"href":"http:\/\/paroquiagloria.org\/v2\/index.php?rest_route=%2Fwp%2Fv2%2Fcomments&post=5757"}],"version-history":[{"count":1,"href":"http:\/\/paroquiagloria.org\/v2\/index.php?rest_route=\/wp\/v2\/posts\/5757\/revisions"}],"predecessor-version":[{"id":5760,"href":"http:\/\/paroquiagloria.org\/v2\/index.php?rest_route=\/wp\/v2\/posts\/5757\/revisions\/5760"}],"wp:featuredmedia":[{"embeddable":true,"href":"http:\/\/paroquiagloria.org\/v2\/index.php?rest_route=\/wp\/v2\/media\/5759"}],"wp:attachment":[{"href":"http:\/\/paroquiagloria.org\/v2\/index.php?rest_route=%2Fwp%2Fv2%2Fmedia&parent=5757"}],"wp:term":[{"taxonomy":"category","embeddable":true,"href":"http:\/\/paroquiagloria.org\/v2\/index.php?rest_route=%2Fwp%2Fv2%2Fcategories&post=5757"},{"taxonomy":"post_tag","embeddable":true,"href":"http:\/\/paroquiagloria.org\/v2\/index.php?rest_route=%2Fwp%2Fv2%2Ftags&post=5757"}],"curies":[{"name":"wp","href":"https:\/\/api.w.org\/{rel}","templated":true}]}}