{"id":5755,"date":"2017-07-15T18:20:24","date_gmt":"2017-07-15T18:20:24","guid":{"rendered":"http:\/\/paroquiagloria.org\/v2\/?p=5755"},"modified":"2017-07-15T18:20:24","modified_gmt":"2017-07-15T18:20:24","slug":"encontro-nacional-de-pastoral-liturgica-9","status":"publish","type":"post","link":"http:\/\/paroquiagloria.org\/v2\/?p=5755","title":{"rendered":"Encontro Nacional de Pastoral Lit\u00fargica"},"content":{"rendered":"<p>&nbsp;<\/p>\n<p><a href=\"http:\/\/paroquiagloria.org\/v2\/wp-content\/uploads\/2017\/06\/BANNER_43ENPL.jpg\"><img loading=\"lazy\" class=\"size-full wp-image-5670 aligncenter\" src=\"http:\/\/paroquiagloria.org\/v2\/wp-content\/uploads\/2017\/06\/BANNER_43ENPL.jpg\" alt=\"BANNER_43ENPL\" width=\"960\" height=\"450\" srcset=\"http:\/\/paroquiagloria.org\/v2\/wp-content\/uploads\/2017\/06\/BANNER_43ENPL.jpg 960w, http:\/\/paroquiagloria.org\/v2\/wp-content\/uploads\/2017\/06\/BANNER_43ENPL-300x141.jpg 300w\" sizes=\"(max-width: 960px) 100vw, 960px\" \/><\/a><\/p>\n<p style=\"text-align: justify;\">&#8220;<strong>A Virgem Santa Maria na Liturgia<\/strong>&#8221; \u00e9 o tema do 43.\u00ba Encontro Nacional de Pastoral Lit\u00fargica, que decorrer\u00e1 em F\u00e1tima de 24 a 28 de Julho.<br \/>\nComo tem sido h\u00e1bito nos \u00faltimos anos, o grupo de participantes da diocese de Aveiro ficar\u00e1 alojado na mesma casa e tratar\u00e1 em conjunto a quest\u00e3o do transporte. O ponto de encontro do grupo de participantes, no dia 24, ser\u00e1 junto ao \u201cautocarro bar\u201d com partida \u00e0s 14h.<\/p>\n","protected":false},"excerpt":{"rendered":"<p>&nbsp; &#8220;A Virgem Santa Maria na Liturgia&#8221; \u00e9 o tema do 43.\u00ba Encontro Nacional de Pastoral Lit\u00fargica, que decorrer\u00e1 em F\u00e1tima de 24 a 28 de Julho. Como tem sido h\u00e1bito nos \u00faltimos anos, o grupo de participantes da diocese de Aveiro ficar\u00e1 alojado na mesma casa e tratar\u00e1 em conjunto a quest\u00e3o do transporte. [&hellip;]<\/p>\n","protected":false},"author":1,"featured_media":5670,"comment_status":"open","ping_status":"closed","sticky":false,"template":"","format":"standard","meta":{"ngg_post_thumbnail":0},"categories":[1,4,2,6,19],"tags":[],"_links":{"self":[{"href":"http:\/\/paroquiagloria.org\/v2\/index.php?rest_route=\/wp\/v2\/posts\/5755"}],"collection":[{"href":"http:\/\/paroquiagloria.org\/v2\/index.php?rest_route=\/wp\/v2\/posts"}],"about":[{"href":"http:\/\/paroquiagloria.org\/v2\/index.php?rest_route=\/wp\/v2\/types\/post"}],"author":[{"embeddable":true,"href":"http:\/\/paroquiagloria.org\/v2\/index.php?rest_route=\/wp\/v2\/users\/1"}],"replies":[{"embeddable":true,"href":"http:\/\/paroquiagloria.org\/v2\/index.php?rest_route=%2Fwp%2Fv2%2Fcomments&post=5755"}],"version-history":[{"count":1,"href":"http:\/\/paroquiagloria.org\/v2\/index.php?rest_route=\/wp\/v2\/posts\/5755\/revisions"}],"predecessor-version":[{"id":5756,"href":"http:\/\/paroquiagloria.org\/v2\/index.php?rest_route=\/wp\/v2\/posts\/5755\/revisions\/5756"}],"wp:featuredmedia":[{"embeddable":true,"href":"http:\/\/paroquiagloria.org\/v2\/index.php?rest_route=\/wp\/v2\/media\/5670"}],"wp:attachment":[{"href":"http:\/\/paroquiagloria.org\/v2\/index.php?rest_route=%2Fwp%2Fv2%2Fmedia&parent=5755"}],"wp:term":[{"taxonomy":"category","embeddable":true,"href":"http:\/\/paroquiagloria.org\/v2\/index.php?rest_route=%2Fwp%2Fv2%2Fcategories&post=5755"},{"taxonomy":"post_tag","embeddable":true,"href":"http:\/\/paroquiagloria.org\/v2\/index.php?rest_route=%2Fwp%2Fv2%2Ftags&post=5755"}],"curies":[{"name":"wp","href":"https:\/\/api.w.org\/{rel}","templated":true}]}}