{"id":5746,"date":"2017-07-08T18:26:48","date_gmt":"2017-07-08T18:26:48","guid":{"rendered":"http:\/\/paroquiagloria.org\/v2\/?p=5746"},"modified":"2017-07-08T18:26:48","modified_gmt":"2017-07-08T18:26:48","slug":"horarios-de-verao-16-de-julho-a-9-de-setembro","status":"publish","type":"post","link":"http:\/\/paroquiagloria.org\/v2\/?p=5746","title":{"rendered":"HOR\u00c1RIOS DE VER\u00c3O &#8211; 16 de Julho a 9 de Setembro"},"content":{"rendered":"<p><a href=\"http:\/\/paroquiagloria.org\/v2\/wp-content\/uploads\/2015\/07\/banner_horarios.jpg\"><img loading=\"lazy\" class=\"size-full wp-image-3551 aligncenter\" src=\"http:\/\/paroquiagloria.org\/v2\/wp-content\/uploads\/2015\/07\/banner_horarios.jpg\" alt=\"banner_horarios\" width=\"960\" height=\"340\" srcset=\"http:\/\/paroquiagloria.org\/v2\/wp-content\/uploads\/2015\/07\/banner_horarios.jpg 960w, http:\/\/paroquiagloria.org\/v2\/wp-content\/uploads\/2015\/07\/banner_horarios-300x106.jpg 300w\" sizes=\"(max-width: 960px) 100vw, 960px\" \/><\/a><\/p>\n<p>&nbsp;<\/p>\n<h2>Eucaristias:<\/h2>\n<p><span style=\"text-decoration: underline;\"><strong>Domingo<\/strong><\/span>: 10h30, 12h e 19h, na S\u00e9<br \/>\n<span style=\"text-decoration: underline;\"><strong>Segunda a Sexta<\/strong><\/span>: 8h30 e 19h, na S\u00e9<br \/>\n<span style=\"text-decoration: underline;\"><strong>S\u00e1bado<\/strong><\/span>:<br \/>\n8h30 e 19h, na S\u00e9<br \/>\n20h30 alternando entre Santiago e Vilar:<\/p>\n<p style=\"padding-left: 60px;\">&#8211; 22 de Julho: Santiago<br \/>\n&#8211; 29 de Julho: Vilar<br \/>\n&#8211; 5 de Agosto: Santiago<br \/>\n&#8211; 12 de Agosto: Vilar<br \/>\n&#8211; 19 de Agosto: Santiago<br \/>\n&#8211; 26 de Agosto: Vilar<br \/>\n&#8211; 2 de Setembro: Santiago<br \/>\n&#8211; 9 de Setembro: Vilar<\/p>\n<h2>\nConfiss\u00f5es:<\/h2>\n<p><span style=\"text-decoration: underline;\"><strong>Ter\u00e7as e sextas-feiras<\/strong><\/span> das 9h \u00e0s 11h.<br \/>\n<span style=\"text-decoration: underline;\"><strong>Quartas<\/strong> <\/span>das 15h \u00e0s 17h<\/p>\n<p>&#8211; Durante a semana, <span style=\"text-decoration: underline;\"><em>n\u00e3o haver\u00e1<\/em><\/span> missa em Santiago e em Vilar.<\/p>\n<p>&#8211; <em><span style=\"text-decoration: underline;\">N\u00e3o haver\u00e1<\/span><\/em> Exposi\u00e7\u00e3o do Sant\u00edssimo, aos s\u00e1bados, nem Ora\u00e7\u00e3o de V\u00e9speras, aos domingos.<\/p>\n","protected":false},"excerpt":{"rendered":"<p>&nbsp; Eucaristias: Domingo: 10h30, 12h e 19h, na S\u00e9 Segunda a Sexta: 8h30 e 19h, na S\u00e9 S\u00e1bado: 8h30 e 19h, na S\u00e9 20h30 alternando entre Santiago e Vilar: &#8211; 22 de Julho: Santiago &#8211; 29 de Julho: Vilar &#8211; 5 de Agosto: Santiago &#8211; 12 de Agosto: Vilar &#8211; 19 de Agosto: Santiago &#8211; [&hellip;]<\/p>\n","protected":false},"author":1,"featured_media":3648,"comment_status":"open","ping_status":"closed","sticky":false,"template":"","format":"standard","meta":{"ngg_post_thumbnail":0},"categories":[1,4,2,6,19],"tags":[],"_links":{"self":[{"href":"http:\/\/paroquiagloria.org\/v2\/index.php?rest_route=\/wp\/v2\/posts\/5746"}],"collection":[{"href":"http:\/\/paroquiagloria.org\/v2\/index.php?rest_route=\/wp\/v2\/posts"}],"about":[{"href":"http:\/\/paroquiagloria.org\/v2\/index.php?rest_route=\/wp\/v2\/types\/post"}],"author":[{"embeddable":true,"href":"http:\/\/paroquiagloria.org\/v2\/index.php?rest_route=\/wp\/v2\/users\/1"}],"replies":[{"embeddable":true,"href":"http:\/\/paroquiagloria.org\/v2\/index.php?rest_route=%2Fwp%2Fv2%2Fcomments&post=5746"}],"version-history":[{"count":1,"href":"http:\/\/paroquiagloria.org\/v2\/index.php?rest_route=\/wp\/v2\/posts\/5746\/revisions"}],"predecessor-version":[{"id":5747,"href":"http:\/\/paroquiagloria.org\/v2\/index.php?rest_route=\/wp\/v2\/posts\/5746\/revisions\/5747"}],"wp:featuredmedia":[{"embeddable":true,"href":"http:\/\/paroquiagloria.org\/v2\/index.php?rest_route=\/wp\/v2\/media\/3648"}],"wp:attachment":[{"href":"http:\/\/paroquiagloria.org\/v2\/index.php?rest_route=%2Fwp%2Fv2%2Fmedia&parent=5746"}],"wp:term":[{"taxonomy":"category","embeddable":true,"href":"http:\/\/paroquiagloria.org\/v2\/index.php?rest_route=%2Fwp%2Fv2%2Fcategories&post=5746"},{"taxonomy":"post_tag","embeddable":true,"href":"http:\/\/paroquiagloria.org\/v2\/index.php?rest_route=%2Fwp%2Fv2%2Ftags&post=5746"}],"curies":[{"name":"wp","href":"https:\/\/api.w.org\/{rel}","templated":true}]}}