{"id":5716,"date":"2017-07-01T19:49:06","date_gmt":"2017-07-01T19:49:06","guid":{"rendered":"http:\/\/paroquiagloria.org\/v2\/?p=5716"},"modified":"2017-07-01T19:49:06","modified_gmt":"2017-07-01T19:49:06","slug":"encontro-nacional-de-pastoral-liturgica-7","status":"publish","type":"post","link":"http:\/\/paroquiagloria.org\/v2\/?p=5716","title":{"rendered":"Encontro Nacional de Pastoral Lit\u00fargica"},"content":{"rendered":"<p>&nbsp;<\/p>\n<p><a href=\"http:\/\/paroquiagloria.org\/v2\/wp-content\/uploads\/2017\/06\/43ENPL.jpg\"><img loading=\"lazy\" class=\"size-large wp-image-5669 aligncenter\" src=\"http:\/\/paroquiagloria.org\/v2\/wp-content\/uploads\/2017\/06\/43ENPL-734x1024.jpg\" alt=\"43ENPL\" width=\"734\" height=\"1024\" srcset=\"http:\/\/paroquiagloria.org\/v2\/wp-content\/uploads\/2017\/06\/43ENPL-734x1024.jpg 734w, http:\/\/paroquiagloria.org\/v2\/wp-content\/uploads\/2017\/06\/43ENPL-215x300.jpg 215w, http:\/\/paroquiagloria.org\/v2\/wp-content\/uploads\/2017\/06\/43ENPL.jpg 960w\" sizes=\"(max-width: 734px) 100vw, 734px\" \/><\/a><\/p>\n<p style=\"text-align: justify;\">&#8220;<strong>A Virgem Santa Maria na Liturgia<\/strong>&#8221; \u00e9 o tema do 43\u00ba. Encontro Nacional de Pastoral Lit\u00fargica, que decorrer\u00e1 em <strong>F\u00e1tima de 24 a 28 de Julho<\/strong>. As inscri\u00e7\u00f5es j\u00e1 est\u00e3o abertas e poder\u00e3o ser feitas na secretaria paroquial at\u00e9 ao dia 14 de Julho. A nossa Par\u00f3quia assegura aos jovens que queiram participar nestas jornadas o pagamento do alojamento e aos adultos o custo da inscri\u00e7\u00e3o. Como tem sido h\u00e1bito nos \u00faltimos anos, o grupo de participantes da diocese de Aveiro ficar\u00e1 alojado na mesma casa e tratar\u00e1 em conjunto da quest\u00e3o do transporte. Esta quinta-feira, dia 6 de Julho, no nosso Sal\u00e3o Paroquial, haver\u00e1 uma reuni\u00e3o preparat\u00f3ria para todos os inscritos.<\/p>\n","protected":false},"excerpt":{"rendered":"<p>&nbsp; &#8220;A Virgem Santa Maria na Liturgia&#8221; \u00e9 o tema do 43\u00ba. Encontro Nacional de Pastoral Lit\u00fargica, que decorrer\u00e1 em F\u00e1tima de 24 a 28 de Julho. As inscri\u00e7\u00f5es j\u00e1 est\u00e3o abertas e poder\u00e3o ser feitas na secretaria paroquial at\u00e9 ao dia 14 de Julho. A nossa Par\u00f3quia assegura aos jovens que queiram participar nestas [&hellip;]<\/p>\n","protected":false},"author":1,"featured_media":5670,"comment_status":"open","ping_status":"closed","sticky":false,"template":"","format":"standard","meta":{"ngg_post_thumbnail":0},"categories":[1,4,2,6,19],"tags":[],"_links":{"self":[{"href":"http:\/\/paroquiagloria.org\/v2\/index.php?rest_route=\/wp\/v2\/posts\/5716"}],"collection":[{"href":"http:\/\/paroquiagloria.org\/v2\/index.php?rest_route=\/wp\/v2\/posts"}],"about":[{"href":"http:\/\/paroquiagloria.org\/v2\/index.php?rest_route=\/wp\/v2\/types\/post"}],"author":[{"embeddable":true,"href":"http:\/\/paroquiagloria.org\/v2\/index.php?rest_route=\/wp\/v2\/users\/1"}],"replies":[{"embeddable":true,"href":"http:\/\/paroquiagloria.org\/v2\/index.php?rest_route=%2Fwp%2Fv2%2Fcomments&post=5716"}],"version-history":[{"count":1,"href":"http:\/\/paroquiagloria.org\/v2\/index.php?rest_route=\/wp\/v2\/posts\/5716\/revisions"}],"predecessor-version":[{"id":5717,"href":"http:\/\/paroquiagloria.org\/v2\/index.php?rest_route=\/wp\/v2\/posts\/5716\/revisions\/5717"}],"wp:featuredmedia":[{"embeddable":true,"href":"http:\/\/paroquiagloria.org\/v2\/index.php?rest_route=\/wp\/v2\/media\/5670"}],"wp:attachment":[{"href":"http:\/\/paroquiagloria.org\/v2\/index.php?rest_route=%2Fwp%2Fv2%2Fmedia&parent=5716"}],"wp:term":[{"taxonomy":"category","embeddable":true,"href":"http:\/\/paroquiagloria.org\/v2\/index.php?rest_route=%2Fwp%2Fv2%2Fcategories&post=5716"},{"taxonomy":"post_tag","embeddable":true,"href":"http:\/\/paroquiagloria.org\/v2\/index.php?rest_route=%2Fwp%2Fv2%2Ftags&post=5716"}],"curies":[{"name":"wp","href":"https:\/\/api.w.org\/{rel}","templated":true}]}}