{"id":5667,"date":"2017-06-17T18:18:33","date_gmt":"2017-06-17T18:18:33","guid":{"rendered":"http:\/\/paroquiagloria.org\/v2\/?p=5667"},"modified":"2017-06-17T18:18:33","modified_gmt":"2017-06-17T18:18:33","slug":"encontro-nacional-de-pastoral-liturgica-5","status":"publish","type":"post","link":"http:\/\/paroquiagloria.org\/v2\/?p=5667","title":{"rendered":"Encontro Nacional de Pastoral Lit\u00fargica"},"content":{"rendered":"<p><a href=\"http:\/\/paroquiagloria.org\/v2\/wp-content\/uploads\/2017\/06\/43ENPL.jpg\"><img loading=\"lazy\" class=\"size-large wp-image-5669 aligncenter\" src=\"http:\/\/paroquiagloria.org\/v2\/wp-content\/uploads\/2017\/06\/43ENPL-734x1024.jpg\" alt=\"43ENPL\" width=\"734\" height=\"1024\" srcset=\"http:\/\/paroquiagloria.org\/v2\/wp-content\/uploads\/2017\/06\/43ENPL-734x1024.jpg 734w, http:\/\/paroquiagloria.org\/v2\/wp-content\/uploads\/2017\/06\/43ENPL-215x300.jpg 215w, http:\/\/paroquiagloria.org\/v2\/wp-content\/uploads\/2017\/06\/43ENPL.jpg 960w\" sizes=\"(max-width: 734px) 100vw, 734px\" \/><\/a><\/p>\n<p style=\"text-align: justify;\"><strong>&#8220;A Virgem Santa Maria na Liturgia&#8221;<\/strong> \u00e9 o tema do 43\u00ba. Encontro Nacional de Pastoral Lit\u00fargica, que decorrer\u00e1 em F\u00e1tima de 24 a 28 de Julho. As <span style=\"text-decoration: underline;\">inscri\u00e7\u00f5es j\u00e1 est\u00e3o abertas e poder\u00e3o ser feitas na secretaria paroquial at\u00e9 ao <strong>dia 14 de Julho<\/strong><\/span>. Como tem sido h\u00e1bito, a nossa Par\u00f3quia assegura aos jovens que queiram participar nestas jornadas o pagamento do alojamento e aos adultos o custo da inscri\u00e7\u00e3o. Como tem sido h\u00e1bito nos \u00faltimos anos, o grupo de participantes da diocese de Aveiro ficar\u00e1 alojado na mesma casa e tratar\u00e1 em conjunto da quest\u00e3o do transporte. No dia 6 de Julho, no nosso Sal\u00e3o Paroquial, haver\u00e1 uma reuni\u00e3o preparat\u00f3ria para todos os inscritos.<\/p>\n<p style=\"text-align: justify;\">\n<p>http:\/\/liturgia.pt\/enpl\/<\/p>\n<p>&nbsp;<\/p>\n<p>&nbsp;<\/p>\n","protected":false},"excerpt":{"rendered":"<p>&#8220;A Virgem Santa Maria na Liturgia&#8221; \u00e9 o tema do 43\u00ba. Encontro Nacional de Pastoral Lit\u00fargica, que decorrer\u00e1 em F\u00e1tima de 24 a 28 de Julho. As inscri\u00e7\u00f5es j\u00e1 est\u00e3o abertas e poder\u00e3o ser feitas na secretaria paroquial at\u00e9 ao dia 14 de Julho. Como tem sido h\u00e1bito, a nossa Par\u00f3quia assegura aos jovens que [&hellip;]<\/p>\n","protected":false},"author":1,"featured_media":5670,"comment_status":"open","ping_status":"closed","sticky":false,"template":"","format":"standard","meta":{"ngg_post_thumbnail":0},"categories":[1,4,2,6,19],"tags":[],"_links":{"self":[{"href":"http:\/\/paroquiagloria.org\/v2\/index.php?rest_route=\/wp\/v2\/posts\/5667"}],"collection":[{"href":"http:\/\/paroquiagloria.org\/v2\/index.php?rest_route=\/wp\/v2\/posts"}],"about":[{"href":"http:\/\/paroquiagloria.org\/v2\/index.php?rest_route=\/wp\/v2\/types\/post"}],"author":[{"embeddable":true,"href":"http:\/\/paroquiagloria.org\/v2\/index.php?rest_route=\/wp\/v2\/users\/1"}],"replies":[{"embeddable":true,"href":"http:\/\/paroquiagloria.org\/v2\/index.php?rest_route=%2Fwp%2Fv2%2Fcomments&post=5667"}],"version-history":[{"count":1,"href":"http:\/\/paroquiagloria.org\/v2\/index.php?rest_route=\/wp\/v2\/posts\/5667\/revisions"}],"predecessor-version":[{"id":5671,"href":"http:\/\/paroquiagloria.org\/v2\/index.php?rest_route=\/wp\/v2\/posts\/5667\/revisions\/5671"}],"wp:featuredmedia":[{"embeddable":true,"href":"http:\/\/paroquiagloria.org\/v2\/index.php?rest_route=\/wp\/v2\/media\/5670"}],"wp:attachment":[{"href":"http:\/\/paroquiagloria.org\/v2\/index.php?rest_route=%2Fwp%2Fv2%2Fmedia&parent=5667"}],"wp:term":[{"taxonomy":"category","embeddable":true,"href":"http:\/\/paroquiagloria.org\/v2\/index.php?rest_route=%2Fwp%2Fv2%2Fcategories&post=5667"},{"taxonomy":"post_tag","embeddable":true,"href":"http:\/\/paroquiagloria.org\/v2\/index.php?rest_route=%2Fwp%2Fv2%2Ftags&post=5667"}],"curies":[{"name":"wp","href":"https:\/\/api.w.org\/{rel}","templated":true}]}}