{"id":5647,"date":"2017-06-10T19:30:19","date_gmt":"2017-06-10T19:30:19","guid":{"rendered":"http:\/\/paroquiagloria.org\/v2\/?p=5647"},"modified":"2017-06-10T19:30:19","modified_gmt":"2017-06-10T19:30:19","slug":"festas-de-verao17-a-alegria-de-sempre-2","status":"publish","type":"post","link":"http:\/\/paroquiagloria.org\/v2\/?p=5647","title":{"rendered":"Festas de Ver\u00e3o&#8217;17 &#8211; A alegria de sempre!"},"content":{"rendered":"<p style=\"text-align: justify;\"><a href=\"http:\/\/paroquiagloria.org\/v2\/wp-content\/uploads\/2017\/06\/festas-ver\u00e3o-2017-01_small.jpg\"><img loading=\"lazy\" class=\"size-full wp-image-5618 aligncenter\" src=\"http:\/\/paroquiagloria.org\/v2\/wp-content\/uploads\/2017\/06\/festas-ver\u00e3o-2017-01_small.jpg\" alt=\"festas-ver\u00e3o-2017-01_small\" width=\"620\" height=\"877\" srcset=\"http:\/\/paroquiagloria.org\/v2\/wp-content\/uploads\/2017\/06\/festas-ver\u00e3o-2017-01_small.jpg 620w, http:\/\/paroquiagloria.org\/v2\/wp-content\/uploads\/2017\/06\/festas-ver\u00e3o-2017-01_small-212x300.jpg 212w\" sizes=\"(max-width: 620px) 100vw, 620px\" \/><\/a><\/p>\n<p style=\"text-align: justify;\">Est\u00e3o j\u00e1 a decorrer as Festas de Ver\u00e3o&#8217;17 e prosseguem nos dias 17, 18, 23 e 24 de Junho. \u00c0 semelhan\u00e7a do ano anterior, queremos envolver todos nesta iniciativa convivial e festiva da nossa comunidade paroquial. A diversidade musical e art\u00edstica e a envolv\u00eancia de institui\u00e7\u00f5es da nossa cidade e grupos da Par\u00f3quia procuram trazer um brilho maior \u00e0 nossa festa.<br \/>\nRegiste, ent\u00e3o, o <span style=\"text-decoration: underline;\">programa mais detalhado<\/span>:<\/p>\n<p><a href=\"http:\/\/paroquiagloria.org\/v2\/wp-content\/uploads\/2017\/06\/fverao2017_prog.jpg\"><img loading=\"lazy\" class=\"size-full wp-image-5648 aligncenter\" src=\"http:\/\/paroquiagloria.org\/v2\/wp-content\/uploads\/2017\/06\/fverao2017_prog.jpg\" alt=\"fverao2017_prog\" width=\"676\" height=\"960\" srcset=\"http:\/\/paroquiagloria.org\/v2\/wp-content\/uploads\/2017\/06\/fverao2017_prog.jpg 676w, http:\/\/paroquiagloria.org\/v2\/wp-content\/uploads\/2017\/06\/fverao2017_prog-211x300.jpg 211w\" sizes=\"(max-width: 676px) 100vw, 676px\" \/><\/a><\/p>\n","protected":false},"excerpt":{"rendered":"<p>Est\u00e3o j\u00e1 a decorrer as Festas de Ver\u00e3o&#8217;17 e prosseguem nos dias 17, 18, 23 e 24 de Junho. \u00c0 semelhan\u00e7a do ano anterior, queremos envolver todos nesta iniciativa convivial e festiva da nossa comunidade paroquial. A diversidade musical e art\u00edstica e a envolv\u00eancia de institui\u00e7\u00f5es da nossa cidade e grupos da Par\u00f3quia procuram trazer [&hellip;]<\/p>\n","protected":false},"author":1,"featured_media":5619,"comment_status":"open","ping_status":"closed","sticky":false,"template":"","format":"standard","meta":{"ngg_post_thumbnail":0},"categories":[1,4,2,6,19],"tags":[],"_links":{"self":[{"href":"http:\/\/paroquiagloria.org\/v2\/index.php?rest_route=\/wp\/v2\/posts\/5647"}],"collection":[{"href":"http:\/\/paroquiagloria.org\/v2\/index.php?rest_route=\/wp\/v2\/posts"}],"about":[{"href":"http:\/\/paroquiagloria.org\/v2\/index.php?rest_route=\/wp\/v2\/types\/post"}],"author":[{"embeddable":true,"href":"http:\/\/paroquiagloria.org\/v2\/index.php?rest_route=\/wp\/v2\/users\/1"}],"replies":[{"embeddable":true,"href":"http:\/\/paroquiagloria.org\/v2\/index.php?rest_route=%2Fwp%2Fv2%2Fcomments&post=5647"}],"version-history":[{"count":1,"href":"http:\/\/paroquiagloria.org\/v2\/index.php?rest_route=\/wp\/v2\/posts\/5647\/revisions"}],"predecessor-version":[{"id":5649,"href":"http:\/\/paroquiagloria.org\/v2\/index.php?rest_route=\/wp\/v2\/posts\/5647\/revisions\/5649"}],"wp:featuredmedia":[{"embeddable":true,"href":"http:\/\/paroquiagloria.org\/v2\/index.php?rest_route=\/wp\/v2\/media\/5619"}],"wp:attachment":[{"href":"http:\/\/paroquiagloria.org\/v2\/index.php?rest_route=%2Fwp%2Fv2%2Fmedia&parent=5647"}],"wp:term":[{"taxonomy":"category","embeddable":true,"href":"http:\/\/paroquiagloria.org\/v2\/index.php?rest_route=%2Fwp%2Fv2%2Fcategories&post=5647"},{"taxonomy":"post_tag","embeddable":true,"href":"http:\/\/paroquiagloria.org\/v2\/index.php?rest_route=%2Fwp%2Fv2%2Ftags&post=5647"}],"curies":[{"name":"wp","href":"https:\/\/api.w.org\/{rel}","templated":true}]}}