{"id":5645,"date":"2017-06-10T19:28:22","date_gmt":"2017-06-10T19:28:22","guid":{"rendered":"http:\/\/paroquiagloria.org\/v2\/?p=5645"},"modified":"2017-06-10T19:28:22","modified_gmt":"2017-06-10T19:28:22","slug":"dia-da-igreja-diocesana-2","status":"publish","type":"post","link":"http:\/\/paroquiagloria.org\/v2\/?p=5645","title":{"rendered":"Dia da Igreja Diocesana"},"content":{"rendered":"<p>&nbsp;<\/p>\n<p><a href=\"http:\/\/paroquiagloria.org\/v2\/wp-content\/uploads\/2017\/06\/DID2017_web.jpg\"><img loading=\"lazy\" class=\"size-large wp-image-5626 aligncenter\" src=\"http:\/\/paroquiagloria.org\/v2\/wp-content\/uploads\/2017\/06\/DID2017_web-725x1024.jpg\" alt=\"DID2017_web\" width=\"725\" height=\"1024\" srcset=\"http:\/\/paroquiagloria.org\/v2\/wp-content\/uploads\/2017\/06\/DID2017_web-725x1024.jpg 725w, http:\/\/paroquiagloria.org\/v2\/wp-content\/uploads\/2017\/06\/DID2017_web-212x300.jpg 212w\" sizes=\"(max-width: 725px) 100vw, 725px\" \/><\/a><\/p>\n<p>No dia 25 de Junho, domingo, decorre o Dia da Igreja Diocesana no Santu\u00e1rio de Schoenstatt. O programa preparado com o lema &#8220;Somos Igreja, somos fam\u00edlia&#8230;diocesana&#8221; come\u00e7a \u00e0s 14h, inclui a apresenta\u00e7\u00e3o do pr\u00f3ximo programa pastoral e a tomada de posse do tribunal diocesano do processo de canoniza\u00e7\u00e3o de Santa Joana. A Eucaristia presidida pelo Sr. Bispo est\u00e1 marcada para as 16h30.<\/p>\n","protected":false},"excerpt":{"rendered":"<p>&nbsp; No dia 25 de Junho, domingo, decorre o Dia da Igreja Diocesana no Santu\u00e1rio de Schoenstatt. O programa preparado com o lema &#8220;Somos Igreja, somos fam\u00edlia&#8230;diocesana&#8221; come\u00e7a \u00e0s 14h, inclui a apresenta\u00e7\u00e3o do pr\u00f3ximo programa pastoral e a tomada de posse do tribunal diocesano do processo de canoniza\u00e7\u00e3o de Santa Joana. A Eucaristia presidida [&hellip;]<\/p>\n","protected":false},"author":1,"featured_media":5627,"comment_status":"open","ping_status":"closed","sticky":false,"template":"","format":"standard","meta":{"ngg_post_thumbnail":0},"categories":[1,4,2,6,19],"tags":[],"_links":{"self":[{"href":"http:\/\/paroquiagloria.org\/v2\/index.php?rest_route=\/wp\/v2\/posts\/5645"}],"collection":[{"href":"http:\/\/paroquiagloria.org\/v2\/index.php?rest_route=\/wp\/v2\/posts"}],"about":[{"href":"http:\/\/paroquiagloria.org\/v2\/index.php?rest_route=\/wp\/v2\/types\/post"}],"author":[{"embeddable":true,"href":"http:\/\/paroquiagloria.org\/v2\/index.php?rest_route=\/wp\/v2\/users\/1"}],"replies":[{"embeddable":true,"href":"http:\/\/paroquiagloria.org\/v2\/index.php?rest_route=%2Fwp%2Fv2%2Fcomments&post=5645"}],"version-history":[{"count":1,"href":"http:\/\/paroquiagloria.org\/v2\/index.php?rest_route=\/wp\/v2\/posts\/5645\/revisions"}],"predecessor-version":[{"id":5646,"href":"http:\/\/paroquiagloria.org\/v2\/index.php?rest_route=\/wp\/v2\/posts\/5645\/revisions\/5646"}],"wp:featuredmedia":[{"embeddable":true,"href":"http:\/\/paroquiagloria.org\/v2\/index.php?rest_route=\/wp\/v2\/media\/5627"}],"wp:attachment":[{"href":"http:\/\/paroquiagloria.org\/v2\/index.php?rest_route=%2Fwp%2Fv2%2Fmedia&parent=5645"}],"wp:term":[{"taxonomy":"category","embeddable":true,"href":"http:\/\/paroquiagloria.org\/v2\/index.php?rest_route=%2Fwp%2Fv2%2Fcategories&post=5645"},{"taxonomy":"post_tag","embeddable":true,"href":"http:\/\/paroquiagloria.org\/v2\/index.php?rest_route=%2Fwp%2Fv2%2Ftags&post=5645"}],"curies":[{"name":"wp","href":"https:\/\/api.w.org\/{rel}","templated":true}]}}