{"id":5608,"date":"2017-06-03T16:28:31","date_gmt":"2017-06-03T16:28:31","guid":{"rendered":"http:\/\/paroquiagloria.org\/v2\/?p=5608"},"modified":"2017-06-03T16:29:34","modified_gmt":"2017-06-03T16:29:34","slug":"dois-dedos-de-liturgia-23","status":"publish","type":"post","link":"http:\/\/paroquiagloria.org\/v2\/?p=5608","title":{"rendered":"Dois dedos de Liturgia (23)"},"content":{"rendered":"<p><a href=\"http:\/\/paroquiagloria.org\/v2\/wp-content\/uploads\/2017\/05\/banner_crisma.jpg\"><img loading=\"lazy\" class=\"size-full wp-image-5570 aligncenter\" src=\"http:\/\/paroquiagloria.org\/v2\/wp-content\/uploads\/2017\/05\/banner_crisma.jpg\" alt=\"banner_crisma\" width=\"960\" height=\"450\" srcset=\"http:\/\/paroquiagloria.org\/v2\/wp-content\/uploads\/2017\/05\/banner_crisma.jpg 960w, http:\/\/paroquiagloria.org\/v2\/wp-content\/uploads\/2017\/05\/banner_crisma-300x141.jpg 300w\" sizes=\"(max-width: 960px) 100vw, 960px\" \/><\/a><\/p>\n<p>&nbsp;<\/p>\n<h3 style=\"text-align: justify;\">&#8211; Porque se utiliza a cor vermelha no Pentecostes?<\/h3>\n<p style=\"text-align: justify;\">A liturgia da Igreja Cat\u00f3lica \u00e9 rica em s\u00edmbolos e significados, os quais expressam o que se cr\u00ea e vive no quotidiano do decorrer do Ano Lit\u00fargico ajudando a perceber o mist\u00e9rio celebrado e experienciado na vida crist\u00e3. No n\u00famero 345 da IGMR, sobre as cores, diz: \u201cA diversidade de cores das vestes sagradas tem por finalidade exprimir externamente, de modo mais eficaz, por um lado o car\u00e1cter peculiar dos mist\u00e9rios da f\u00e9 que se celebram; por outro, o sentido progressivo da vida crist\u00e3 ao longo do Ano Lit\u00fargico\u201d.<br \/>\nPara a Solenidade de Pentecostes, o Rito Romano escolheu a cor vermelha, que est\u00e1 normalmente reservada para as festas dos Santos M\u00e1rtires (mortos por causa da f\u00e9), a Paix\u00e3o de Cristo (Domingo de Ramos) ou Sexta-Feira Santa, dia em que Ele derramou o pr\u00f3prio Sangue pela nossa salva\u00e7\u00e3o, e ainda no Sagrado Cora\u00e7\u00e3o de Jesus assim como nas celebra\u00e7\u00f5es f\u00fanebres do Sumo Pont\u00edfice.<br \/>\nDe acordo com a Enciclop\u00e9dia Cat\u00f3lica, o vermelho \u201c\u00e9 a linguagem do fogo e do sangue: ele indica o ardor da caridade e o generoso sacrif\u00edcio dos m\u00e1rtires\u201c. O vermelho de Pentecostes deve ser entendido como refer\u00eancia \u00e0s chamas (l\u00ednguas de fogo) que desceram sobre os ap\u00f3stolos, bem como ao fogo da caridade ardente que foi ateado no seu cora\u00e7\u00e3o depois daquele dia.<\/p>\n<p style=\"text-align: right;\">* continuamos a aguardar as vossas quest\u00f5es em doisdedosdeliturgia@gmail.com<\/p>\n","protected":false},"excerpt":{"rendered":"<p>&nbsp; &#8211; Porque se utiliza a cor vermelha no Pentecostes? A liturgia da Igreja Cat\u00f3lica \u00e9 rica em s\u00edmbolos e significados, os quais expressam o que se cr\u00ea e vive no quotidiano do decorrer do Ano Lit\u00fargico ajudando a perceber o mist\u00e9rio celebrado e experienciado na vida crist\u00e3. No n\u00famero 345 da IGMR, sobre as [&hellip;]<\/p>\n","protected":false},"author":1,"featured_media":5570,"comment_status":"open","ping_status":"closed","sticky":false,"template":"","format":"standard","meta":{"ngg_post_thumbnail":0},"categories":[1,4,2,6,19],"tags":[],"_links":{"self":[{"href":"http:\/\/paroquiagloria.org\/v2\/index.php?rest_route=\/wp\/v2\/posts\/5608"}],"collection":[{"href":"http:\/\/paroquiagloria.org\/v2\/index.php?rest_route=\/wp\/v2\/posts"}],"about":[{"href":"http:\/\/paroquiagloria.org\/v2\/index.php?rest_route=\/wp\/v2\/types\/post"}],"author":[{"embeddable":true,"href":"http:\/\/paroquiagloria.org\/v2\/index.php?rest_route=\/wp\/v2\/users\/1"}],"replies":[{"embeddable":true,"href":"http:\/\/paroquiagloria.org\/v2\/index.php?rest_route=%2Fwp%2Fv2%2Fcomments&post=5608"}],"version-history":[{"count":2,"href":"http:\/\/paroquiagloria.org\/v2\/index.php?rest_route=\/wp\/v2\/posts\/5608\/revisions"}],"predecessor-version":[{"id":5610,"href":"http:\/\/paroquiagloria.org\/v2\/index.php?rest_route=\/wp\/v2\/posts\/5608\/revisions\/5610"}],"wp:featuredmedia":[{"embeddable":true,"href":"http:\/\/paroquiagloria.org\/v2\/index.php?rest_route=\/wp\/v2\/media\/5570"}],"wp:attachment":[{"href":"http:\/\/paroquiagloria.org\/v2\/index.php?rest_route=%2Fwp%2Fv2%2Fmedia&parent=5608"}],"wp:term":[{"taxonomy":"category","embeddable":true,"href":"http:\/\/paroquiagloria.org\/v2\/index.php?rest_route=%2Fwp%2Fv2%2Fcategories&post=5608"},{"taxonomy":"post_tag","embeddable":true,"href":"http:\/\/paroquiagloria.org\/v2\/index.php?rest_route=%2Fwp%2Fv2%2Ftags&post=5608"}],"curies":[{"name":"wp","href":"https:\/\/api.w.org\/{rel}","templated":true}]}}