{"id":5596,"date":"2017-05-27T15:42:12","date_gmt":"2017-05-27T15:42:12","guid":{"rendered":"http:\/\/paroquiagloria.org\/v2\/?p=5596"},"modified":"2017-05-27T15:42:12","modified_gmt":"2017-05-27T15:42:12","slug":"festas-de-verao17-3","status":"publish","type":"post","link":"http:\/\/paroquiagloria.org\/v2\/?p=5596","title":{"rendered":"Festas de Ver\u00e3o\u201917"},"content":{"rendered":"<p><a href=\"http:\/\/paroquiagloria.org\/v2\/wp-content\/uploads\/2017\/05\/verao2017.jpg\"><img loading=\"lazy\" class=\"size-large wp-image-5597 aligncenter\" src=\"http:\/\/paroquiagloria.org\/v2\/wp-content\/uploads\/2017\/05\/verao2017-1024x650.jpg\" alt=\"verao2017\" width=\"1024\" height=\"650\" srcset=\"http:\/\/paroquiagloria.org\/v2\/wp-content\/uploads\/2017\/05\/verao2017-1024x650.jpg 1024w, http:\/\/paroquiagloria.org\/v2\/wp-content\/uploads\/2017\/05\/verao2017-300x190.jpg 300w\" sizes=\"(max-width: 1024px) 100vw, 1024px\" \/><\/a><\/p>\n<p>&nbsp;<\/p>\n<p style=\"text-align: justify;\">A edi\u00e7\u00e3o das Festas de Ver\u00e3o deste ano iniciar\u00e1 no segundo s\u00e1bado do m\u00eas de Junho, dia 10, e contemplar\u00e1 ainda os dias 17, 18, 23 e 24. Come\u00e7amos uma semana mais tarde que o habitual porque no pr\u00f3ximo s\u00e1bado queremos celebrar a Vig\u00edlia de Pentecostes.<br \/>\n\u00c0 semelhan\u00e7a do ano anterior, queremos envolver todos nesta iniciativa convivial e festiva da nossa comunidade paroquial. A diversidade musical e art\u00edstica e a envolv\u00eancia de institui\u00e7\u00f5es da nossa cidade e grupos da Par\u00f3quia procuram trazer um brilho maior \u00e0 nossa festa. N\u00e3o nos podemos instalar comodamente no que sempre foi, mas devemos ousar a criatividade e a busca da novidade.<br \/>\nPor aqui, e deste modo, segue tamb\u00e9m o desafio e o incentivo a que nos possa ajudar a realizar as festas de ver\u00e3o, dispondo-se, por exemplo, a ajudar em alguma das noites de festa, numa tarefa ou trabalho que seja necess\u00e1rio. Tamb\u00e9m aqui o trabalho \u00e9 muito, e poucos, e cada vez menos os trabalhadores. Quer ajudar-nos?<\/p>\n","protected":false},"excerpt":{"rendered":"<p>&nbsp; A edi\u00e7\u00e3o das Festas de Ver\u00e3o deste ano iniciar\u00e1 no segundo s\u00e1bado do m\u00eas de Junho, dia 10, e contemplar\u00e1 ainda os dias 17, 18, 23 e 24. Come\u00e7amos uma semana mais tarde que o habitual porque no pr\u00f3ximo s\u00e1bado queremos celebrar a Vig\u00edlia de Pentecostes. \u00c0 semelhan\u00e7a do ano anterior, queremos envolver todos [&hellip;]<\/p>\n","protected":false},"author":1,"featured_media":5598,"comment_status":"open","ping_status":"closed","sticky":false,"template":"","format":"standard","meta":{"ngg_post_thumbnail":0},"categories":[1,4,2,6,19],"tags":[],"_links":{"self":[{"href":"http:\/\/paroquiagloria.org\/v2\/index.php?rest_route=\/wp\/v2\/posts\/5596"}],"collection":[{"href":"http:\/\/paroquiagloria.org\/v2\/index.php?rest_route=\/wp\/v2\/posts"}],"about":[{"href":"http:\/\/paroquiagloria.org\/v2\/index.php?rest_route=\/wp\/v2\/types\/post"}],"author":[{"embeddable":true,"href":"http:\/\/paroquiagloria.org\/v2\/index.php?rest_route=\/wp\/v2\/users\/1"}],"replies":[{"embeddable":true,"href":"http:\/\/paroquiagloria.org\/v2\/index.php?rest_route=%2Fwp%2Fv2%2Fcomments&post=5596"}],"version-history":[{"count":1,"href":"http:\/\/paroquiagloria.org\/v2\/index.php?rest_route=\/wp\/v2\/posts\/5596\/revisions"}],"predecessor-version":[{"id":5599,"href":"http:\/\/paroquiagloria.org\/v2\/index.php?rest_route=\/wp\/v2\/posts\/5596\/revisions\/5599"}],"wp:featuredmedia":[{"embeddable":true,"href":"http:\/\/paroquiagloria.org\/v2\/index.php?rest_route=\/wp\/v2\/media\/5598"}],"wp:attachment":[{"href":"http:\/\/paroquiagloria.org\/v2\/index.php?rest_route=%2Fwp%2Fv2%2Fmedia&parent=5596"}],"wp:term":[{"taxonomy":"category","embeddable":true,"href":"http:\/\/paroquiagloria.org\/v2\/index.php?rest_route=%2Fwp%2Fv2%2Fcategories&post=5596"},{"taxonomy":"post_tag","embeddable":true,"href":"http:\/\/paroquiagloria.org\/v2\/index.php?rest_route=%2Fwp%2Fv2%2Ftags&post=5596"}],"curies":[{"name":"wp","href":"https:\/\/api.w.org\/{rel}","templated":true}]}}