{"id":5578,"date":"2017-05-20T18:30:58","date_gmt":"2017-05-20T18:30:58","guid":{"rendered":"http:\/\/paroquiagloria.org\/v2\/?p=5578"},"modified":"2017-05-20T18:30:58","modified_gmt":"2017-05-20T18:30:58","slug":"bens-recolhidos","status":"publish","type":"post","link":"http:\/\/paroquiagloria.org\/v2\/?p=5578","title":{"rendered":"Bens recolhidos"},"content":{"rendered":"<p><a href=\"http:\/\/paroquiagloria.org\/v2\/wp-content\/uploads\/2017\/04\/semanadapartilha_banner.jpg\"><img loading=\"lazy\" class=\"alignnone size-full wp-image-5459\" src=\"http:\/\/paroquiagloria.org\/v2\/wp-content\/uploads\/2017\/04\/semanadapartilha_banner.jpg\" alt=\"semanadapartilha_banner\" width=\"960\" height=\"450\" srcset=\"http:\/\/paroquiagloria.org\/v2\/wp-content\/uploads\/2017\/04\/semanadapartilha_banner.jpg 960w, http:\/\/paroquiagloria.org\/v2\/wp-content\/uploads\/2017\/04\/semanadapartilha_banner-300x141.jpg 300w\" sizes=\"(max-width: 960px) 100vw, 960px\" \/><\/a><\/p>\n<p>&nbsp;<\/p>\n<p style=\"text-align: justify;\">Na ac\u00e7\u00e3o congregadora <strong>&#8220;Felizes os que sabem partilhar&#8221;<\/strong> foram doados e recolhidos mais de 750kg de bens alimentares diversificados que j\u00e1 est\u00e3o nas Confer\u00eancias Vicentinas da Par\u00f3quia. Al\u00e9m disso, muitos foram os que optaram por deixar uma oferta monet\u00e1ria: tudo servir\u00e1 para o mesmo apoio e aux\u00edlio aos pobres da comunidade. <span style=\"text-decoration: underline;\">No final das missas deste s\u00e1bado e domingo (20 e 21 de maio), as Vicentinas fazem o habitual pedit\u00f3rio<\/span>.<\/p>\n","protected":false},"excerpt":{"rendered":"<p>&nbsp; Na ac\u00e7\u00e3o congregadora &#8220;Felizes os que sabem partilhar&#8221; foram doados e recolhidos mais de 750kg de bens alimentares diversificados que j\u00e1 est\u00e3o nas Confer\u00eancias Vicentinas da Par\u00f3quia. Al\u00e9m disso, muitos foram os que optaram por deixar uma oferta monet\u00e1ria: tudo servir\u00e1 para o mesmo apoio e aux\u00edlio aos pobres da comunidade. No final das [&hellip;]<\/p>\n","protected":false},"author":1,"featured_media":5459,"comment_status":"open","ping_status":"closed","sticky":false,"template":"","format":"standard","meta":{"ngg_post_thumbnail":0},"categories":[1,4,2,6,19],"tags":[],"_links":{"self":[{"href":"http:\/\/paroquiagloria.org\/v2\/index.php?rest_route=\/wp\/v2\/posts\/5578"}],"collection":[{"href":"http:\/\/paroquiagloria.org\/v2\/index.php?rest_route=\/wp\/v2\/posts"}],"about":[{"href":"http:\/\/paroquiagloria.org\/v2\/index.php?rest_route=\/wp\/v2\/types\/post"}],"author":[{"embeddable":true,"href":"http:\/\/paroquiagloria.org\/v2\/index.php?rest_route=\/wp\/v2\/users\/1"}],"replies":[{"embeddable":true,"href":"http:\/\/paroquiagloria.org\/v2\/index.php?rest_route=%2Fwp%2Fv2%2Fcomments&post=5578"}],"version-history":[{"count":1,"href":"http:\/\/paroquiagloria.org\/v2\/index.php?rest_route=\/wp\/v2\/posts\/5578\/revisions"}],"predecessor-version":[{"id":5579,"href":"http:\/\/paroquiagloria.org\/v2\/index.php?rest_route=\/wp\/v2\/posts\/5578\/revisions\/5579"}],"wp:featuredmedia":[{"embeddable":true,"href":"http:\/\/paroquiagloria.org\/v2\/index.php?rest_route=\/wp\/v2\/media\/5459"}],"wp:attachment":[{"href":"http:\/\/paroquiagloria.org\/v2\/index.php?rest_route=%2Fwp%2Fv2%2Fmedia&parent=5578"}],"wp:term":[{"taxonomy":"category","embeddable":true,"href":"http:\/\/paroquiagloria.org\/v2\/index.php?rest_route=%2Fwp%2Fv2%2Fcategories&post=5578"},{"taxonomy":"post_tag","embeddable":true,"href":"http:\/\/paroquiagloria.org\/v2\/index.php?rest_route=%2Fwp%2Fv2%2Ftags&post=5578"}],"curies":[{"name":"wp","href":"https:\/\/api.w.org\/{rel}","templated":true}]}}