{"id":5566,"date":"2017-05-20T18:25:09","date_gmt":"2017-05-20T18:25:09","guid":{"rendered":"http:\/\/paroquiagloria.org\/v2\/?p=5566"},"modified":"2017-05-20T18:25:09","modified_gmt":"2017-05-20T18:25:09","slug":"pentecostes-com-crisma-2","status":"publish","type":"post","link":"http:\/\/paroquiagloria.org\/v2\/?p=5566","title":{"rendered":"Pentecostes com Crisma"},"content":{"rendered":"<p>&nbsp;<\/p>\n<p><a href=\"http:\/\/paroquiagloria.org\/v2\/wp-content\/uploads\/2015\/05\/banner_crisma.jpg\"><img loading=\"lazy\" class=\"alignnone size-full wp-image-3359\" src=\"http:\/\/paroquiagloria.org\/v2\/wp-content\/uploads\/2015\/05\/banner_crisma.jpg\" alt=\"banner_crisma\" width=\"960\" height=\"340\" srcset=\"http:\/\/paroquiagloria.org\/v2\/wp-content\/uploads\/2015\/05\/banner_crisma.jpg 960w, http:\/\/paroquiagloria.org\/v2\/wp-content\/uploads\/2015\/05\/banner_crisma-300x106.jpg 300w\" sizes=\"(max-width: 960px) 100vw, 960px\" \/><\/a><\/p>\n<p style=\"text-align: justify;\">No Domingo do Pentecostes, dia 4 de Junho, na missa das 10h30, ser\u00e3o crismados jovens e adultos da nossa par\u00f3quia, da par\u00f3quia da Vera Cruz e \u00a0alguns universit\u00e1rios que se prepararam no CUFC. Esta celebra\u00e7\u00e3o ser\u00e1 presidida pelo Sr. Bispo. Os crismandos t\u00eam marcado um tempo de reflex\u00e3o\/retiro, no pr\u00f3ximo s\u00e1bado, dia 27 de Maio, das 14h30, \u00e0s 18h, na igreja do Carmo. No dia 1 de Junho, est\u00e1 marcado o encontro com o Sr. Bispo e tamb\u00e9m a celebra\u00e7\u00e3o da reconcilia\u00e7\u00e3o, na igreja da Vera Cruz, \u00e0s 21h.<\/p>\n","protected":false},"excerpt":{"rendered":"<p>&nbsp; No Domingo do Pentecostes, dia 4 de Junho, na missa das 10h30, ser\u00e3o crismados jovens e adultos da nossa par\u00f3quia, da par\u00f3quia da Vera Cruz e \u00a0alguns universit\u00e1rios que se prepararam no CUFC. Esta celebra\u00e7\u00e3o ser\u00e1 presidida pelo Sr. Bispo. Os crismandos t\u00eam marcado um tempo de reflex\u00e3o\/retiro, no pr\u00f3ximo s\u00e1bado, dia 27 de [&hellip;]<\/p>\n","protected":false},"author":1,"featured_media":5570,"comment_status":"open","ping_status":"closed","sticky":false,"template":"","format":"standard","meta":{"ngg_post_thumbnail":0},"categories":[1,4,2,6,19],"tags":[],"_links":{"self":[{"href":"http:\/\/paroquiagloria.org\/v2\/index.php?rest_route=\/wp\/v2\/posts\/5566"}],"collection":[{"href":"http:\/\/paroquiagloria.org\/v2\/index.php?rest_route=\/wp\/v2\/posts"}],"about":[{"href":"http:\/\/paroquiagloria.org\/v2\/index.php?rest_route=\/wp\/v2\/types\/post"}],"author":[{"embeddable":true,"href":"http:\/\/paroquiagloria.org\/v2\/index.php?rest_route=\/wp\/v2\/users\/1"}],"replies":[{"embeddable":true,"href":"http:\/\/paroquiagloria.org\/v2\/index.php?rest_route=%2Fwp%2Fv2%2Fcomments&post=5566"}],"version-history":[{"count":1,"href":"http:\/\/paroquiagloria.org\/v2\/index.php?rest_route=\/wp\/v2\/posts\/5566\/revisions"}],"predecessor-version":[{"id":5573,"href":"http:\/\/paroquiagloria.org\/v2\/index.php?rest_route=\/wp\/v2\/posts\/5566\/revisions\/5573"}],"wp:featuredmedia":[{"embeddable":true,"href":"http:\/\/paroquiagloria.org\/v2\/index.php?rest_route=\/wp\/v2\/media\/5570"}],"wp:attachment":[{"href":"http:\/\/paroquiagloria.org\/v2\/index.php?rest_route=%2Fwp%2Fv2%2Fmedia&parent=5566"}],"wp:term":[{"taxonomy":"category","embeddable":true,"href":"http:\/\/paroquiagloria.org\/v2\/index.php?rest_route=%2Fwp%2Fv2%2Fcategories&post=5566"},{"taxonomy":"post_tag","embeddable":true,"href":"http:\/\/paroquiagloria.org\/v2\/index.php?rest_route=%2Fwp%2Fv2%2Ftags&post=5566"}],"curies":[{"name":"wp","href":"https:\/\/api.w.org\/{rel}","templated":true}]}}