{"id":5558,"date":"2017-05-13T18:51:08","date_gmt":"2017-05-13T18:51:08","guid":{"rendered":"http:\/\/paroquiagloria.org\/v2\/?p=5558"},"modified":"2017-05-13T18:51:08","modified_gmt":"2017-05-13T18:51:08","slug":"dois-dedos-de-liturgia-20","status":"publish","type":"post","link":"http:\/\/paroquiagloria.org\/v2\/?p=5558","title":{"rendered":"Dois dedos de Liturgia (20)"},"content":{"rendered":"<p><a href=\"http:\/\/paroquiagloria.org\/v2\/wp-content\/uploads\/2017\/05\/assembleiasentada.jpg\"><img loading=\"lazy\" class=\"size-full wp-image-5559 aligncenter\" src=\"http:\/\/paroquiagloria.org\/v2\/wp-content\/uploads\/2017\/05\/assembleiasentada.jpg\" alt=\"assembleiasentada\" width=\"620\" height=\"413\" srcset=\"http:\/\/paroquiagloria.org\/v2\/wp-content\/uploads\/2017\/05\/assembleiasentada.jpg 620w, http:\/\/paroquiagloria.org\/v2\/wp-content\/uploads\/2017\/05\/assembleiasentada-300x200.jpg 300w, http:\/\/paroquiagloria.org\/v2\/wp-content\/uploads\/2017\/05\/assembleiasentada-140x94.jpg 140w\" sizes=\"(max-width: 620px) 100vw, 620px\" \/><\/a><\/p>\n<p>&nbsp;<\/p>\n<h3 style=\"text-align: justify;\">&#8211; Quando estamos sentados durante a Eucaristia e porqu\u00ea?<\/h3>\n<p style=\"text-align: justify;\">\nContinuado a responder \u00e0 pergunta que nos foi lan\u00e7ada na passada semana, atentamos agora nos momentos em que somos convidados a estar sentados. O melhor documento sobre as posi\u00e7\u00f5es corporais indicadas para participar na Eucaristia \u00e9 a Instru\u00e7\u00e3o Geral ao Missal Romano (IGMR), onde se refere os gestos e as atitudes corporais a ter durante a Missa, quer pelos ministros quer pelos fi\u00e9is, t\u00eam como objectivos: 1) conseguir que toda a celebra\u00e7\u00e3o seja bela e simples; 2) ajudar \u00e0 compreens\u00e3o das suas diversas partes; 3) facilitar a participa\u00e7\u00e3o de todos.<br \/>\nComo alcan\u00e7\u00e1-los? Atendendo ao que est\u00e1 definido pela Instru\u00e7\u00e3o Geral e pela tradi\u00e7\u00e3o do Rito romano, e ao que concorre para o bem comum espiritual do povo de Deus, mais do que \u00e0 inclina\u00e7\u00e3o ou arb\u00edtrio de cada um, tendo em conta que a atitude comum do corpo de todos os participantes, \u00e9 n\u00e3o s\u00f3 sinal de unidade, mas tamb\u00e9m exprime e favorece os sentimentos e a atitude interior (cf. IGMR, n.\u00ba 42). O n.\u00ba 43 da IGMR concretiza que, al\u00e9m das indica\u00e7\u00f5es espec\u00edficas que podem ser dadas pelo orientador da assembleia, devemos estar sentados durante as tr\u00eas leituras que precedem o Evangelho (primeira leitura, salmo responsorial e segunda leitura), durante a homilia, a prepara\u00e7\u00e3o dos dons at\u00e9 \u00e0s palavras do presidente &#8220;Orai Irm\u00e3os&#8230;&#8221; e durante o sil\u00eancio sagrado ap\u00f3s a Comunh\u00e3o ou seja, imediatamente ap\u00f3s a sagrada reserva sair do altar (em direc\u00e7\u00e3o ao sacr\u00e1rio).<\/p>\n<p style=\"text-align: right;\">* envie as suas quest\u00f5es para doisdedosdeliturgia@gmail.com<\/p>\n","protected":false},"excerpt":{"rendered":"<p>&nbsp; &#8211; Quando estamos sentados durante a Eucaristia e porqu\u00ea? Continuado a responder \u00e0 pergunta que nos foi lan\u00e7ada na passada semana, atentamos agora nos momentos em que somos convidados a estar sentados. O melhor documento sobre as posi\u00e7\u00f5es corporais indicadas para participar na Eucaristia \u00e9 a Instru\u00e7\u00e3o Geral ao Missal Romano (IGMR), onde se [&hellip;]<\/p>\n","protected":false},"author":1,"featured_media":5560,"comment_status":"open","ping_status":"closed","sticky":false,"template":"","format":"standard","meta":{"ngg_post_thumbnail":0},"categories":[1,4,2,6,19],"tags":[],"_links":{"self":[{"href":"http:\/\/paroquiagloria.org\/v2\/index.php?rest_route=\/wp\/v2\/posts\/5558"}],"collection":[{"href":"http:\/\/paroquiagloria.org\/v2\/index.php?rest_route=\/wp\/v2\/posts"}],"about":[{"href":"http:\/\/paroquiagloria.org\/v2\/index.php?rest_route=\/wp\/v2\/types\/post"}],"author":[{"embeddable":true,"href":"http:\/\/paroquiagloria.org\/v2\/index.php?rest_route=\/wp\/v2\/users\/1"}],"replies":[{"embeddable":true,"href":"http:\/\/paroquiagloria.org\/v2\/index.php?rest_route=%2Fwp%2Fv2%2Fcomments&post=5558"}],"version-history":[{"count":1,"href":"http:\/\/paroquiagloria.org\/v2\/index.php?rest_route=\/wp\/v2\/posts\/5558\/revisions"}],"predecessor-version":[{"id":5561,"href":"http:\/\/paroquiagloria.org\/v2\/index.php?rest_route=\/wp\/v2\/posts\/5558\/revisions\/5561"}],"wp:featuredmedia":[{"embeddable":true,"href":"http:\/\/paroquiagloria.org\/v2\/index.php?rest_route=\/wp\/v2\/media\/5560"}],"wp:attachment":[{"href":"http:\/\/paroquiagloria.org\/v2\/index.php?rest_route=%2Fwp%2Fv2%2Fmedia&parent=5558"}],"wp:term":[{"taxonomy":"category","embeddable":true,"href":"http:\/\/paroquiagloria.org\/v2\/index.php?rest_route=%2Fwp%2Fv2%2Fcategories&post=5558"},{"taxonomy":"post_tag","embeddable":true,"href":"http:\/\/paroquiagloria.org\/v2\/index.php?rest_route=%2Fwp%2Fv2%2Ftags&post=5558"}],"curies":[{"name":"wp","href":"https:\/\/api.w.org\/{rel}","templated":true}]}}