{"id":5544,"date":"2017-05-13T18:34:39","date_gmt":"2017-05-13T18:34:39","guid":{"rendered":"http:\/\/paroquiagloria.org\/v2\/?p=5544"},"modified":"2017-05-13T18:34:39","modified_gmt":"2017-05-13T18:34:39","slug":"festa-do-perdao","status":"publish","type":"post","link":"http:\/\/paroquiagloria.org\/v2\/?p=5544","title":{"rendered":"Festa do Perd\u00e3o"},"content":{"rendered":"<p><a href=\"http:\/\/paroquiagloria.org\/v2\/wp-content\/uploads\/2015\/04\/banner_comunhao.jpg\"><img loading=\"lazy\" class=\"size-full wp-image-3322 aligncenter\" src=\"http:\/\/paroquiagloria.org\/v2\/wp-content\/uploads\/2015\/04\/banner_comunhao.jpg\" alt=\"banner_comunhao\" width=\"960\" height=\"340\" srcset=\"http:\/\/paroquiagloria.org\/v2\/wp-content\/uploads\/2015\/04\/banner_comunhao.jpg 960w, http:\/\/paroquiagloria.org\/v2\/wp-content\/uploads\/2015\/04\/banner_comunhao-300x106.jpg 300w\" sizes=\"(max-width: 960px) 100vw, 960px\" \/><\/a><\/p>\n<p>A Festa da Eucaristia (Primeira Comunh\u00e3o) decorrer\u00e1 no dia 11 de Junho. Todas as crian\u00e7as que se tem vindo a preparar para receber Jesus Sacramentado far\u00e3o a Festa do Perd\u00e3o, com o Sacramento da Reconcilia\u00e7\u00e3o, nos dias 22, 23 e 24 de Maio, \u00e0s 21h, na S\u00e9.<\/p>\n<p>&nbsp;<\/p>\n<div class='et-box et-shadow'>\r\n\t\t\t\t\t<div class='et-box-content'>Servi\u00e7o de t\u00fanicas (para a Primeira Comunh\u00e3o) Dias 15, 16, 17, 19, 22, 23, 24, 26, 29, 30, 31 de Maio e 2 de Junho, das 17h \u00e0s 19h30<\/div><\/div>\n<p>&nbsp;<\/p>\n","protected":false},"excerpt":{"rendered":"<p>A Festa da Eucaristia (Primeira Comunh\u00e3o) decorrer\u00e1 no dia 11 de Junho. Todas as crian\u00e7as que se tem vindo a preparar para receber Jesus Sacramentado far\u00e3o a Festa do Perd\u00e3o, com o Sacramento da Reconcilia\u00e7\u00e3o, nos dias 22, 23 e 24 de Maio, \u00e0s 21h, na S\u00e9. &nbsp; &nbsp;<\/p>\n","protected":false},"author":1,"featured_media":3322,"comment_status":"open","ping_status":"closed","sticky":false,"template":"","format":"standard","meta":{"ngg_post_thumbnail":0},"categories":[1,4,2,6,19],"tags":[],"_links":{"self":[{"href":"http:\/\/paroquiagloria.org\/v2\/index.php?rest_route=\/wp\/v2\/posts\/5544"}],"collection":[{"href":"http:\/\/paroquiagloria.org\/v2\/index.php?rest_route=\/wp\/v2\/posts"}],"about":[{"href":"http:\/\/paroquiagloria.org\/v2\/index.php?rest_route=\/wp\/v2\/types\/post"}],"author":[{"embeddable":true,"href":"http:\/\/paroquiagloria.org\/v2\/index.php?rest_route=\/wp\/v2\/users\/1"}],"replies":[{"embeddable":true,"href":"http:\/\/paroquiagloria.org\/v2\/index.php?rest_route=%2Fwp%2Fv2%2Fcomments&post=5544"}],"version-history":[{"count":1,"href":"http:\/\/paroquiagloria.org\/v2\/index.php?rest_route=\/wp\/v2\/posts\/5544\/revisions"}],"predecessor-version":[{"id":5545,"href":"http:\/\/paroquiagloria.org\/v2\/index.php?rest_route=\/wp\/v2\/posts\/5544\/revisions\/5545"}],"wp:featuredmedia":[{"embeddable":true,"href":"http:\/\/paroquiagloria.org\/v2\/index.php?rest_route=\/wp\/v2\/media\/3322"}],"wp:attachment":[{"href":"http:\/\/paroquiagloria.org\/v2\/index.php?rest_route=%2Fwp%2Fv2%2Fmedia&parent=5544"}],"wp:term":[{"taxonomy":"category","embeddable":true,"href":"http:\/\/paroquiagloria.org\/v2\/index.php?rest_route=%2Fwp%2Fv2%2Fcategories&post=5544"},{"taxonomy":"post_tag","embeddable":true,"href":"http:\/\/paroquiagloria.org\/v2\/index.php?rest_route=%2Fwp%2Fv2%2Ftags&post=5544"}],"curies":[{"name":"wp","href":"https:\/\/api.w.org\/{rel}","templated":true}]}}