{"id":5528,"date":"2017-05-06T16:52:01","date_gmt":"2017-05-06T16:52:01","guid":{"rendered":"http:\/\/paroquiagloria.org\/v2\/?p=5528"},"modified":"2017-05-06T16:52:01","modified_gmt":"2017-05-06T16:52:01","slug":"concerto-espiritual","status":"publish","type":"post","link":"http:\/\/paroquiagloria.org\/v2\/?p=5528","title":{"rendered":"Concerto Espiritual"},"content":{"rendered":"<p><a href=\"http:\/\/paroquiagloria.org\/v2\/wp-content\/uploads\/2017\/04\/cartaz_concerto_small.jpg\"><img loading=\"lazy\" class=\"size-full wp-image-5499 aligncenter\" src=\"http:\/\/paroquiagloria.org\/v2\/wp-content\/uploads\/2017\/04\/cartaz_concerto_small.jpg\" alt=\"cartaz_concerto_small\" width=\"993\" height=\"702\" srcset=\"http:\/\/paroquiagloria.org\/v2\/wp-content\/uploads\/2017\/04\/cartaz_concerto_small.jpg 993w, http:\/\/paroquiagloria.org\/v2\/wp-content\/uploads\/2017\/04\/cartaz_concerto_small-300x212.jpg 300w\" sizes=\"(max-width: 993px) 100vw, 993px\" \/><\/a><\/p>\n<p>&nbsp;<\/p>\n<p>No s\u00e1bado, <strong>27 de Maio, \u00e0s 21h30<\/strong>, est\u00e1 previsto um concerto espiritual &#8220;<span style=\"text-decoration: underline;\"><strong>Av\u00e9 Senhora de F\u00e1tima<\/strong><\/span>&#8220;, com os coros do arciprestado de Aveiro, no \u00e2mbito do centen\u00e1rio das apari\u00e7\u00f5es. Os ensaios come\u00e7am j\u00e1 esta segunda-feira e prosseguem nos dias 15 e 22, no centro paroquial e o ensaio geral ser\u00e1 a 25, na S\u00e9. Todos \u00e0s 21h30.<\/p>\n","protected":false},"excerpt":{"rendered":"<p>&nbsp; No s\u00e1bado, 27 de Maio, \u00e0s 21h30, est\u00e1 previsto um concerto espiritual &#8220;Av\u00e9 Senhora de F\u00e1tima&#8220;, com os coros do arciprestado de Aveiro, no \u00e2mbito do centen\u00e1rio das apari\u00e7\u00f5es. Os ensaios come\u00e7am j\u00e1 esta segunda-feira e prosseguem nos dias 15 e 22, no centro paroquial e o ensaio geral ser\u00e1 a 25, na S\u00e9. [&hellip;]<\/p>\n","protected":false},"author":1,"featured_media":5498,"comment_status":"open","ping_status":"closed","sticky":false,"template":"","format":"standard","meta":{"ngg_post_thumbnail":0},"categories":[1,4,2,6,19],"tags":[],"_links":{"self":[{"href":"http:\/\/paroquiagloria.org\/v2\/index.php?rest_route=\/wp\/v2\/posts\/5528"}],"collection":[{"href":"http:\/\/paroquiagloria.org\/v2\/index.php?rest_route=\/wp\/v2\/posts"}],"about":[{"href":"http:\/\/paroquiagloria.org\/v2\/index.php?rest_route=\/wp\/v2\/types\/post"}],"author":[{"embeddable":true,"href":"http:\/\/paroquiagloria.org\/v2\/index.php?rest_route=\/wp\/v2\/users\/1"}],"replies":[{"embeddable":true,"href":"http:\/\/paroquiagloria.org\/v2\/index.php?rest_route=%2Fwp%2Fv2%2Fcomments&post=5528"}],"version-history":[{"count":1,"href":"http:\/\/paroquiagloria.org\/v2\/index.php?rest_route=\/wp\/v2\/posts\/5528\/revisions"}],"predecessor-version":[{"id":5529,"href":"http:\/\/paroquiagloria.org\/v2\/index.php?rest_route=\/wp\/v2\/posts\/5528\/revisions\/5529"}],"wp:featuredmedia":[{"embeddable":true,"href":"http:\/\/paroquiagloria.org\/v2\/index.php?rest_route=\/wp\/v2\/media\/5498"}],"wp:attachment":[{"href":"http:\/\/paroquiagloria.org\/v2\/index.php?rest_route=%2Fwp%2Fv2%2Fmedia&parent=5528"}],"wp:term":[{"taxonomy":"category","embeddable":true,"href":"http:\/\/paroquiagloria.org\/v2\/index.php?rest_route=%2Fwp%2Fv2%2Fcategories&post=5528"},{"taxonomy":"post_tag","embeddable":true,"href":"http:\/\/paroquiagloria.org\/v2\/index.php?rest_route=%2Fwp%2Fv2%2Ftags&post=5528"}],"curies":[{"name":"wp","href":"https:\/\/api.w.org\/{rel}","templated":true}]}}