{"id":5526,"date":"2017-05-06T16:50:53","date_gmt":"2017-05-06T16:50:53","guid":{"rendered":"http:\/\/paroquiagloria.org\/v2\/?p=5526"},"modified":"2017-05-06T16:50:53","modified_gmt":"2017-05-06T16:50:53","slug":"retiro-para-doentes-6","status":"publish","type":"post","link":"http:\/\/paroquiagloria.org\/v2\/?p=5526","title":{"rendered":"Retiro para Doentes"},"content":{"rendered":"<p><a href=\"http:\/\/paroquiagloria.org\/v2\/wp-content\/uploads\/2015\/02\/banner_Diamundialdoente15.jpg\"><img loading=\"lazy\" class=\"size-full wp-image-3030 aligncenter\" src=\"http:\/\/paroquiagloria.org\/v2\/wp-content\/uploads\/2015\/02\/banner_Diamundialdoente15.jpg\" alt=\"banner_Diamundialdoente15\" width=\"960\" height=\"340\" srcset=\"http:\/\/paroquiagloria.org\/v2\/wp-content\/uploads\/2015\/02\/banner_Diamundialdoente15.jpg 960w, http:\/\/paroquiagloria.org\/v2\/wp-content\/uploads\/2015\/02\/banner_Diamundialdoente15-300x106.jpg 300w\" sizes=\"(max-width: 960px) 100vw, 960px\" \/><\/a><\/p>\n<p>&nbsp;<\/p>\n<p>Ainda h\u00e1 algumas vagas para o Retiro de Doentes que decorrer\u00e1 no Santu\u00e1rio de F\u00e1tima, de <strong>10 a 13 de Junho<\/strong>. As inscri\u00e7\u00f5es devem ser feitas na secretaria paroquial at\u00e9 ao dia 11 de Maio.<\/p>\n","protected":false},"excerpt":{"rendered":"<p>&nbsp; Ainda h\u00e1 algumas vagas para o Retiro de Doentes que decorrer\u00e1 no Santu\u00e1rio de F\u00e1tima, de 10 a 13 de Junho. As inscri\u00e7\u00f5es devem ser feitas na secretaria paroquial at\u00e9 ao dia 11 de Maio.<\/p>\n","protected":false},"author":1,"featured_media":3030,"comment_status":"open","ping_status":"closed","sticky":false,"template":"","format":"standard","meta":{"ngg_post_thumbnail":0},"categories":[1,4,2,6,19],"tags":[],"_links":{"self":[{"href":"http:\/\/paroquiagloria.org\/v2\/index.php?rest_route=\/wp\/v2\/posts\/5526"}],"collection":[{"href":"http:\/\/paroquiagloria.org\/v2\/index.php?rest_route=\/wp\/v2\/posts"}],"about":[{"href":"http:\/\/paroquiagloria.org\/v2\/index.php?rest_route=\/wp\/v2\/types\/post"}],"author":[{"embeddable":true,"href":"http:\/\/paroquiagloria.org\/v2\/index.php?rest_route=\/wp\/v2\/users\/1"}],"replies":[{"embeddable":true,"href":"http:\/\/paroquiagloria.org\/v2\/index.php?rest_route=%2Fwp%2Fv2%2Fcomments&post=5526"}],"version-history":[{"count":1,"href":"http:\/\/paroquiagloria.org\/v2\/index.php?rest_route=\/wp\/v2\/posts\/5526\/revisions"}],"predecessor-version":[{"id":5527,"href":"http:\/\/paroquiagloria.org\/v2\/index.php?rest_route=\/wp\/v2\/posts\/5526\/revisions\/5527"}],"wp:featuredmedia":[{"embeddable":true,"href":"http:\/\/paroquiagloria.org\/v2\/index.php?rest_route=\/wp\/v2\/media\/3030"}],"wp:attachment":[{"href":"http:\/\/paroquiagloria.org\/v2\/index.php?rest_route=%2Fwp%2Fv2%2Fmedia&parent=5526"}],"wp:term":[{"taxonomy":"category","embeddable":true,"href":"http:\/\/paroquiagloria.org\/v2\/index.php?rest_route=%2Fwp%2Fv2%2Fcategories&post=5526"},{"taxonomy":"post_tag","embeddable":true,"href":"http:\/\/paroquiagloria.org\/v2\/index.php?rest_route=%2Fwp%2Fv2%2Ftags&post=5526"}],"curies":[{"name":"wp","href":"https:\/\/api.w.org\/{rel}","templated":true}]}}